{"id":2797,"date":"2025-08-15T09:29:56","date_gmt":"2025-08-15T09:29:56","guid":{"rendered":"https:\/\/dobrezrodla.com\/?p=2797"},"modified":"2025-08-15T09:29:56","modified_gmt":"2025-08-15T09:29:56","slug":"wymyslil-jej-brata-i-oskarzyl-o-nepotyzm-skandaliczna-wpadka-dziennikarza-w-szczecinie","status":"publish","type":"post","link":"https:\/\/dobrezrodla.com\/?p=2797","title":{"rendered":"Wymy\u015bli\u0142 jej brata i oskar\u017cy\u0142 o nepotyzm. Skandaliczna wpadka dziennikarza w Szczecinie"},"content":{"rendered":"\n<p>Tomasz Duklanowski, znany z kontrowersyjnych publikacji dziennikarz \u201eGazety Polskiej Codziennie\u201d, zaliczy\u0142 kolejn\u0105 powa\u017cn\u0105 wpadk\u0119. Tym razem opisa\u0142 w swoim tek\u015bcie fikcyjnego\u2026 brata radnej Urszuli Pa\u0144ki, sugeruj\u0105c, \u017ce otrzyma\u0142 on p\u00f3\u0142 miliona z\u0142otych dofinansowania z KPO. Problem w tym, \u017ce radna\u2026 nigdy nie mia\u0142a brata.<\/p>\n\n\n\n<p>Tekst opublikowany 13 sierpnia wywo\u0142a\u0142 burz\u0119. Dziennikarz napisa\u0142 o &#8220;firmie brata szczeci\u0144skiej radnej&#8221;, kt\u00f3ry mia\u0142 dosta\u0107 dotacj\u0119. Radna zareagowa\u0142a b\u0142yskawicznie: &#8220;FAKE NEWS. Wymy\u015bli\u0142 mi brata!&#8221; \u2013 napisa\u0142a w mediach spo\u0142eczno\u015bciowych, dodaj\u0105c, \u017ce to nie jedyny b\u0142\u0105d. Duklanowski przypisa\u0142 jej te\u017c przynale\u017cno\u015b\u0107 do innego klubu radnych, ni\u017c ten, w kt\u00f3rym zasiada.<\/p>\n\n\n\n<p>&#8220;Wstyd, \u017ce lokalny &#8216;dziennikarz&#8217; tworzy takie fantazje. Prawda to jednak luksus, na kt\u00f3ry nie ka\u017cdy mo\u017ce sobie pozwoli\u0107&#8221; \u2013 skomentowa\u0142a oburzona radna.<\/p>\n\n\n\n<p>Po publicznej reakcji radnej, Duklanowski opublikowa\u0142 sprostowanie, przyznaj\u0105c si\u0119 do pomy\u0142ki. Jak si\u0119 okaza\u0142o, chodzi\u0142o o radn\u0105 Jolant\u0119 Balick\u0105, kt\u00f3ra od 2011 roku nie jest ju\u017c zwi\u0105zana z PO, ale z ugrupowaniem prezydenta Krzystka. Sprostowanie przysz\u0142o jednak po tym, jak fake news obieg\u0142 sie\u0107 i wywo\u0142a\u0142 fal\u0119 komentarzy.<\/p>\n\n\n\n<p>To nie pierwszy raz, gdy nazwisko Duklanowskiego trafia na nag\u0142\u00f3wki w kontek\u015bcie skandalu. W 2022 roku jako redaktor naczelny Radia Szczecin dopu\u015bci\u0142 do publikacji danych, kt\u00f3re umo\u017cliwi\u0142y identyfikacj\u0119 ofiary pedofila \u2013 15-letniego syna pos\u0142anki Magdaleny Filiks. Ch\u0142opiec pope\u0142ni\u0142 samob\u00f3jstwo trzy miesi\u0105ce p\u00f3\u017aniej.<\/p>\n","protected":false},"excerpt":{"rendered":"<p>Tomasz Duklanowski, znany z kontrowersyjnych publikacji dziennikarz \u201eGazety Polskiej Codziennie\u201d, zaliczy\u0142 kolejn\u0105 powa\u017cn\u0105 wpadk\u0119. Tym razem opisa\u0142 w swoim tek\u015bcie fikcyjnego\u2026 brata radnej Urszuli Pa\u0144ki, sugeruj\u0105c, \u017ce otrzyma\u0142 on p\u00f3\u0142 miliona z\u0142otych dofinansowania z KPO. Problem w tym, \u017ce radna\u2026 nigdy nie mia\u0142a brata. Tekst opublikowany 13 sierpnia wywo\u0142a\u0142 burz\u0119. Dziennikarz napisa\u0142 o &#8220;firmie brata &#8230; <a title=\"Wymy\u015bli\u0142 jej brata i oskar\u017cy\u0142 o nepotyzm. Skandaliczna wpadka dziennikarza w Szczecinie\" class=\"read-more\" href=\"https:\/\/dobrezrodla.com\/?p=2797\" aria-label=\"Read more about Wymy\u015bli\u0142 jej brata i oskar\u017cy\u0142 o nepotyzm. Skandaliczna wpadka dziennikarza w Szczecinie\">Read more<\/a><\/p>\n","protected":false},"author":1,"featured_media":2798,"comment_status":"open","ping_status":"open","sticky":false,"template":"","format":"standard","meta":{"footnotes":""},"categories":[1],"tags":[],"class_list":["post-2797","post","type-post","status-publish","format-standard","has-post-thumbnail","hentry","category-uncategorized"],"_links":{"self":[{"href":"https:\/\/dobrezrodla.com\/index.php?rest_route=\/wp\/v2\/posts\/2797","targetHints":{"allow":["GET"]}}],"collection":[{"href":"https:\/\/dobrezrodla.com\/index.php?rest_route=\/wp\/v2\/posts"}],"about":[{"href":"https:\/\/dobrezrodla.com\/index.php?rest_route=\/wp\/v2\/types\/post"}],"author":[{"embeddable":true,"href":"https:\/\/dobrezrodla.com\/index.php?rest_route=\/wp\/v2\/users\/1"}],"replies":[{"embeddable":true,"href":"https:\/\/dobrezrodla.com\/index.php?rest_route=%2Fwp%2Fv2%2Fcomments&post=2797"}],"version-history":[{"count":1,"href":"https:\/\/dobrezrodla.com\/index.php?rest_route=\/wp\/v2\/posts\/2797\/revisions"}],"predecessor-version":[{"id":2799,"href":"https:\/\/dobrezrodla.com\/index.php?rest_route=\/wp\/v2\/posts\/2797\/revisions\/2799"}],"wp:featuredmedia":[{"embeddable":true,"href":"https:\/\/dobrezrodla.com\/index.php?rest_route=\/wp\/v2\/media\/2798"}],"wp:attachment":[{"href":"https:\/\/dobrezrodla.com\/index.php?rest_route=%2Fwp%2Fv2%2Fmedia&parent=2797"}],"wp:term":[{"taxonomy":"category","embeddable":true,"href":"https:\/\/dobrezrodla.com\/index.php?rest_route=%2Fwp%2Fv2%2Fcategories&post=2797"},{"taxonomy":"post_tag","embeddable":true,"href":"https:\/\/dobrezrodla.com\/index.php?rest_route=%2Fwp%2Fv2%2Ftags&post=2797"}],"curies":[{"name":"wp","href":"https:\/\/api.w.org\/{rel}","templated":true}]}}