{"id":2809,"date":"2025-08-15T09:34:06","date_gmt":"2025-08-15T09:34:06","guid":{"rendered":"https:\/\/dobrezrodla.com\/?p=2809"},"modified":"2025-08-15T09:34:07","modified_gmt":"2025-08-15T09:34:07","slug":"bedzie-goraco-prezydent-zwoluje-rade-gabinetowa-wiemy-kiedy-i-o-czym-beda-rozmawiac","status":"publish","type":"post","link":"https:\/\/dobrezrodla.com\/?p=2809","title":{"rendered":"B\u0119dzie gor\u0105co! Prezydent zwo\u0142uje Rad\u0119 Gabinetow\u0105. Wiemy, kiedy i o czym b\u0119d\u0105 rozmawia\u0107"},"content":{"rendered":"\n<p>To ju\u017c pewne \u2013 prezydent Karol Nawrocki oficjalnie zapowiedzia\u0142 zwo\u0142anie Rady Gabinetowej. Termin? 27 sierpnia. Premier Donald Tusk zosta\u0142 o tym poinformowany osobi\u015bcie podczas spotkania w Pa\u0142acu Prezydenckim, kt\u00f3re odby\u0142o si\u0119 tu\u017c po jego pro\u015bbie o rozmow\u0119.<\/p>\n\n\n\n<p>To pierwsze takie spotkanie \u201ew cztery oczy\u201d mi\u0119dzy prezydentem a szefem rz\u0105du. Trwa\u0142o godzin\u0119, a jego kulisy ujawni\u0142 szef gabinetu prezydenta, Pawe\u0142 Szefernaker. Zdradzi\u0142, \u017ce tematem rozmowy by\u0142y \u201esprawy absolutnie fundamentalne\u201d: bezpiecze\u0144stwo, polityka zagraniczna, oraz\u2026 kondycja finans\u00f3w pa\u0144stwa.<\/p>\n\n\n\n<p>Ale to nie wszystko. Prezydent zapowiedzia\u0142, \u017ce b\u0119dzie aktywnie korzysta\u0142 z przys\u0142uguj\u0105cych mu konstytucyjnych uprawnie\u0144. Podczas Rady Gabinetowej maj\u0105 by\u0107 poruszone te\u017c kwestie ustrojowe, rozwojowe oraz ustawy, kt\u00f3re prezydent sam ju\u017c skierowa\u0142 do parlamentu.<\/p>\n\n\n\n<p>Szefernaker nie ukrywa, \u017ce prezydent b\u0119dzie chcia\u0142 wywiera\u0107 realny wp\u0142yw na bieg wydarze\u0144. Jak m\u00f3wi\u0142 \u2013 \u201eto nie b\u0119dzie spotkanie kurtuazyjne\u201d. I cho\u0107 atmosfera mia\u0142a by\u0107 \u201enormalna i rzeczowa\u201d, napi\u0119cie mi\u0119dzy g\u0142\u00f3wnymi o\u015brodkami w\u0142adzy wyczuwalne jest coraz bardziej.<\/p>\n","protected":false},"excerpt":{"rendered":"<p>To ju\u017c pewne \u2013 prezydent Karol Nawrocki oficjalnie zapowiedzia\u0142 zwo\u0142anie Rady Gabinetowej. Termin? 27 sierpnia. Premier Donald Tusk zosta\u0142 o tym poinformowany osobi\u015bcie podczas spotkania w Pa\u0142acu Prezydenckim, kt\u00f3re odby\u0142o si\u0119 tu\u017c po jego pro\u015bbie o rozmow\u0119. To pierwsze takie spotkanie \u201ew cztery oczy\u201d mi\u0119dzy prezydentem a szefem rz\u0105du. Trwa\u0142o godzin\u0119, a jego kulisy ujawni\u0142 &#8230; <a title=\"B\u0119dzie gor\u0105co! Prezydent zwo\u0142uje Rad\u0119 Gabinetow\u0105. Wiemy, kiedy i o czym b\u0119d\u0105 rozmawia\u0107\" class=\"read-more\" href=\"https:\/\/dobrezrodla.com\/?p=2809\" aria-label=\"Read more about B\u0119dzie gor\u0105co! Prezydent zwo\u0142uje Rad\u0119 Gabinetow\u0105. Wiemy, kiedy i o czym b\u0119d\u0105 rozmawia\u0107\">Read more<\/a><\/p>\n","protected":false},"author":1,"featured_media":2810,"comment_status":"open","ping_status":"open","sticky":false,"template":"","format":"standard","meta":{"footnotes":""},"categories":[1],"tags":[],"class_list":["post-2809","post","type-post","status-publish","format-standard","has-post-thumbnail","hentry","category-uncategorized"],"_links":{"self":[{"href":"https:\/\/dobrezrodla.com\/index.php?rest_route=\/wp\/v2\/posts\/2809","targetHints":{"allow":["GET"]}}],"collection":[{"href":"https:\/\/dobrezrodla.com\/index.php?rest_route=\/wp\/v2\/posts"}],"about":[{"href":"https:\/\/dobrezrodla.com\/index.php?rest_route=\/wp\/v2\/types\/post"}],"author":[{"embeddable":true,"href":"https:\/\/dobrezrodla.com\/index.php?rest_route=\/wp\/v2\/users\/1"}],"replies":[{"embeddable":true,"href":"https:\/\/dobrezrodla.com\/index.php?rest_route=%2Fwp%2Fv2%2Fcomments&post=2809"}],"version-history":[{"count":1,"href":"https:\/\/dobrezrodla.com\/index.php?rest_route=\/wp\/v2\/posts\/2809\/revisions"}],"predecessor-version":[{"id":2811,"href":"https:\/\/dobrezrodla.com\/index.php?rest_route=\/wp\/v2\/posts\/2809\/revisions\/2811"}],"wp:featuredmedia":[{"embeddable":true,"href":"https:\/\/dobrezrodla.com\/index.php?rest_route=\/wp\/v2\/media\/2810"}],"wp:attachment":[{"href":"https:\/\/dobrezrodla.com\/index.php?rest_route=%2Fwp%2Fv2%2Fmedia&parent=2809"}],"wp:term":[{"taxonomy":"category","embeddable":true,"href":"https:\/\/dobrezrodla.com\/index.php?rest_route=%2Fwp%2Fv2%2Fcategories&post=2809"},{"taxonomy":"post_tag","embeddable":true,"href":"https:\/\/dobrezrodla.com\/index.php?rest_route=%2Fwp%2Fv2%2Ftags&post=2809"}],"curies":[{"name":"wp","href":"https:\/\/api.w.org\/{rel}","templated":true}]}}