{"id":2818,"date":"2025-08-15T09:37:02","date_gmt":"2025-08-15T09:37:02","guid":{"rendered":"https:\/\/dobrezrodla.com\/?p=2818"},"modified":"2025-08-15T09:37:02","modified_gmt":"2025-08-15T09:37:02","slug":"orban-i-nawrocki-chca-nowej-europy-bez-berlina-i-brukseli","status":"publish","type":"post","link":"https:\/\/dobrezrodla.com\/?p=2818","title":{"rendered":"Orban i Nawrocki chc\u0105 nowej Europy \u2013 bez Berlina i Brukseli?"},"content":{"rendered":"\n<p>Napi\u0119cia w Unii Europejskiej rosn\u0105, a niekt\u00f3rzy liderzy przestaj\u0105 udawa\u0107, \u017ce wszystko jest w porz\u0105dku. W\u0119gierski premier Viktor Orban i prezydent Polski Karol Nawrocki coraz cz\u0119\u015bciej pojawiaj\u0105 si\u0119 razem \u2013 zar\u00f3wno publicznie, jak i za zamkni\u0119tymi drzwiami. Czy to tylko zwyk\u0142a dyplomacja, czy mo\u017ce pocz\u0105tek czego\u015b znacznie powa\u017cniejszego?<\/p>\n\n\n\n<blockquote class=\"wp-block-quote is-layout-flow wp-block-quote-is-layout-flow\">\n<p><strong>\u2013 Europa potrzebuje nowego \u0142adu. Suwerenno\u015b\u0107 nie mo\u017ce by\u0107 po\u015bwi\u0119cana w imi\u0119 biurokratycznych ambicji Brukseli \u2013<\/strong> mia\u0142 powiedzie\u0107 Nawrocki podczas ostatniego spotkania z Orbanem.<\/p>\n<\/blockquote>\n\n\n\n<p>Wed\u0142ug przeciek\u00f3w z otoczenia obu polityk\u00f3w, trwaj\u0105 rozmowy nad stworzeniem wsp\u00f3lnego frontu w Europie \u015arodkowo-Wschodniej \u2013 przeciwko dominacji Niemiec i rosn\u0105cym naciskom unijnych instytucji. Nowy sojusz mia\u0142by skupia\u0107 pa\u0144stwa, kt\u00f3re sprzeciwiaj\u0105 si\u0119 dalszej federalizacji UE oraz nadmiernym regulacjom p\u0142yn\u0105cym z Brukseli.<\/p>\n\n\n\n<p>Niekt\u00f3rzy komentatorzy nazywaj\u0105 ten ruch roboczo <strong>\u201eosi\u0105 Warszawa\u2013Budapeszt\u201d<\/strong>, sugeruj\u0105c, \u017ce obaj liderzy pracuj\u0105 nad alternatywnym modelem wsp\u00f3\u0142pracy europejskiej \u2013 bardziej elastycznym, opartym na tradycyjnych warto\u015bciach i kontroli narodowej.<\/p>\n\n\n\n<p>Co ciekawe, niemieckie i francuskie media zacz\u0119\u0142y coraz g\u0142o\u015bniej krytykowa\u0107 kierunek, w kt\u00f3rym zmierza Warszawa. Odpowied\u017a z Polski? Cisza \u2013 ale bardzo wymowna.<\/p>\n\n\n\n<p>Czy to koniec Unii, jak\u0105 znamy? Czy Orban i Nawrocki rzeczywi\u015bcie chc\u0105 Europy bez Berlina i Brukseli? A mo\u017ce to tylko polityczna gra, maj\u0105ca na celu wymuszenie lepszych warunk\u00f3w?<\/p>\n\n\n\n<p>Jedno jest pewne \u2013 <strong>nowy uk\u0142ad si\u0142 ju\u017c si\u0119 kszta\u0142tuje<\/strong>, a Polska i W\u0119gry nie zamierzaj\u0105 d\u0142u\u017cej gra\u0107 wed\u0142ug cudzych regu\u0142.<\/p>\n","protected":false},"excerpt":{"rendered":"<p>Napi\u0119cia w Unii Europejskiej rosn\u0105, a niekt\u00f3rzy liderzy przestaj\u0105 udawa\u0107, \u017ce wszystko jest w porz\u0105dku. W\u0119gierski premier Viktor Orban i prezydent Polski Karol Nawrocki coraz cz\u0119\u015bciej pojawiaj\u0105 si\u0119 razem \u2013 zar\u00f3wno publicznie, jak i za zamkni\u0119tymi drzwiami. Czy to tylko zwyk\u0142a dyplomacja, czy mo\u017ce pocz\u0105tek czego\u015b znacznie powa\u017cniejszego? \u2013 Europa potrzebuje nowego \u0142adu. Suwerenno\u015b\u0107 nie &#8230; <a title=\"Orban i Nawrocki chc\u0105 nowej Europy \u2013 bez Berlina i Brukseli?\" class=\"read-more\" href=\"https:\/\/dobrezrodla.com\/?p=2818\" aria-label=\"Read more about Orban i Nawrocki chc\u0105 nowej Europy \u2013 bez Berlina i Brukseli?\">Read more<\/a><\/p>\n","protected":false},"author":1,"featured_media":2819,"comment_status":"open","ping_status":"open","sticky":false,"template":"","format":"standard","meta":{"footnotes":""},"categories":[1],"tags":[],"class_list":["post-2818","post","type-post","status-publish","format-standard","has-post-thumbnail","hentry","category-uncategorized"],"_links":{"self":[{"href":"https:\/\/dobrezrodla.com\/index.php?rest_route=\/wp\/v2\/posts\/2818","targetHints":{"allow":["GET"]}}],"collection":[{"href":"https:\/\/dobrezrodla.com\/index.php?rest_route=\/wp\/v2\/posts"}],"about":[{"href":"https:\/\/dobrezrodla.com\/index.php?rest_route=\/wp\/v2\/types\/post"}],"author":[{"embeddable":true,"href":"https:\/\/dobrezrodla.com\/index.php?rest_route=\/wp\/v2\/users\/1"}],"replies":[{"embeddable":true,"href":"https:\/\/dobrezrodla.com\/index.php?rest_route=%2Fwp%2Fv2%2Fcomments&post=2818"}],"version-history":[{"count":1,"href":"https:\/\/dobrezrodla.com\/index.php?rest_route=\/wp\/v2\/posts\/2818\/revisions"}],"predecessor-version":[{"id":2820,"href":"https:\/\/dobrezrodla.com\/index.php?rest_route=\/wp\/v2\/posts\/2818\/revisions\/2820"}],"wp:featuredmedia":[{"embeddable":true,"href":"https:\/\/dobrezrodla.com\/index.php?rest_route=\/wp\/v2\/media\/2819"}],"wp:attachment":[{"href":"https:\/\/dobrezrodla.com\/index.php?rest_route=%2Fwp%2Fv2%2Fmedia&parent=2818"}],"wp:term":[{"taxonomy":"category","embeddable":true,"href":"https:\/\/dobrezrodla.com\/index.php?rest_route=%2Fwp%2Fv2%2Fcategories&post=2818"},{"taxonomy":"post_tag","embeddable":true,"href":"https:\/\/dobrezrodla.com\/index.php?rest_route=%2Fwp%2Fv2%2Ftags&post=2818"}],"curies":[{"name":"wp","href":"https:\/\/api.w.org\/{rel}","templated":true}]}}