{"id":2864,"date":"2025-08-16T08:00:46","date_gmt":"2025-08-16T08:00:46","guid":{"rendered":"https:\/\/dobrezrodla.com\/?p=2864"},"modified":"2025-08-16T08:00:46","modified_gmt":"2025-08-16T08:00:46","slug":"bruksela-w-szoku-polska-wypowiada-posluszenstwo","status":"publish","type":"post","link":"https:\/\/dobrezrodla.com\/?p=2864","title":{"rendered":"Bruksela w szoku: Polska wypowiada pos\u0142usze\u0144stwo?"},"content":{"rendered":"\n<p>Na korytarzach unijnych instytucji panuje konsternacja. Polska, pod nowym przyw\u00f3dztwem prezydenta Karola Nawrockiego i rz\u0105dem coraz bardziej naciskanym przez spo\u0142eczne niezadowolenie, zaczyna wysy\u0142a\u0107 sygna\u0142y, kt\u00f3re mog\u0105 by\u0107 interpretowane jako <strong>symboliczne wypowiedzenie lojalno\u015bci wobec Brukseli<\/strong>.<\/p>\n\n\n\n<p>Wszystko zacz\u0119\u0142o si\u0119 od kontrowersyjnego wyst\u0105pienia prezydenta, kt\u00f3ry podczas Forum Suwerenno\u015bci Narodowej w Toruniu powiedzia\u0142:<\/p>\n\n\n\n<blockquote class=\"wp-block-quote is-layout-flow wp-block-quote-is-layout-flow\">\n<p><strong>\u2013 Polska jest pa\u0144stwem wolnym, nie koloni\u0105 urz\u0119dnik\u00f3w z Brukseli. Czas przesta\u0107 kl\u0119ka\u0107 i zacz\u0105\u0107 m\u00f3wi\u0107 w\u0142asnym g\u0142osem.<\/strong><\/p>\n<\/blockquote>\n\n\n\n<p>S\u0142owa te odbi\u0142y si\u0119 szerokim echem nie tylko w kraju, ale r\u00f3wnie\u017c w mediach zachodnich. Niekt\u00f3rzy komentatorzy m\u00f3wi\u0105 wr\u0119cz o <strong>najostrzejszym wyst\u0105pieniu g\u0142owy pa\u0144stwa od momentu wej\u015bcia Polski do UE<\/strong>.<\/p>\n\n\n\n<p>Tymczasem rz\u0105d, z premierem Tuskiem na czele, stara si\u0119 tonowa\u0107 nastroje i podkre\u015bla \u201epe\u0142ne zaanga\u017cowanie w projekt europejski\u201d. Jednak rosn\u0105cy rozd\u017awi\u0119k mi\u0119dzy Pa\u0142acem Prezydenckim a Kancelari\u0105 Premiera staje si\u0119 coraz trudniejszy do ukrycia.<\/p>\n\n\n\n<p>Kolejny niepokoj\u0105cy sygna\u0142 to decyzja prezydenta o zawieszeniu poparcia dla wsp\u00f3lnych inicjatyw klimatycznych UE i zapowied\u017a \u201eprzegl\u0105du traktat\u00f3w unijnych w \u015bwietle interesu narodowego\u201d. W Brukseli m\u00f3wi si\u0119 o &#8220;syrenach alarmowych&#8221;, a jeden z anonimowych europos\u0142\u00f3w mia\u0142 powiedzie\u0107:<\/p>\n\n\n\n<blockquote class=\"wp-block-quote is-layout-flow wp-block-quote-is-layout-flow\">\n<p><strong>\u2013 Polska przestaje s\u0142ucha\u0107. To niepokoj\u0105ce.<\/strong><\/p>\n<\/blockquote>\n\n\n\n<p>Czy to ju\u017c pocz\u0105tek politycznego rozbratu z Uni\u0105? A mo\u017ce tylko taktyczna demonstracja si\u0142y wobec nadchodz\u0105cych negocjacji?<\/p>\n\n\n\n<p><strong>Bruksela jest zaskoczona. Polska \u2013 wyra\u017anie coraz mniej uleg\u0142a.<\/strong><\/p>\n","protected":false},"excerpt":{"rendered":"<p>Na korytarzach unijnych instytucji panuje konsternacja. Polska, pod nowym przyw\u00f3dztwem prezydenta Karola Nawrockiego i rz\u0105dem coraz bardziej naciskanym przez spo\u0142eczne niezadowolenie, zaczyna wysy\u0142a\u0107 sygna\u0142y, kt\u00f3re mog\u0105 by\u0107 interpretowane jako symboliczne wypowiedzenie lojalno\u015bci wobec Brukseli. Wszystko zacz\u0119\u0142o si\u0119 od kontrowersyjnego wyst\u0105pienia prezydenta, kt\u00f3ry podczas Forum Suwerenno\u015bci Narodowej w Toruniu powiedzia\u0142: \u2013 Polska jest pa\u0144stwem wolnym, nie &#8230; <a title=\"Bruksela w szoku: Polska wypowiada pos\u0142usze\u0144stwo?\" class=\"read-more\" href=\"https:\/\/dobrezrodla.com\/?p=2864\" aria-label=\"Read more about Bruksela w szoku: Polska wypowiada pos\u0142usze\u0144stwo?\">Read more<\/a><\/p>\n","protected":false},"author":1,"featured_media":2865,"comment_status":"open","ping_status":"open","sticky":false,"template":"","format":"standard","meta":{"footnotes":""},"categories":[1],"tags":[],"class_list":["post-2864","post","type-post","status-publish","format-standard","has-post-thumbnail","hentry","category-uncategorized"],"_links":{"self":[{"href":"https:\/\/dobrezrodla.com\/index.php?rest_route=\/wp\/v2\/posts\/2864","targetHints":{"allow":["GET"]}}],"collection":[{"href":"https:\/\/dobrezrodla.com\/index.php?rest_route=\/wp\/v2\/posts"}],"about":[{"href":"https:\/\/dobrezrodla.com\/index.php?rest_route=\/wp\/v2\/types\/post"}],"author":[{"embeddable":true,"href":"https:\/\/dobrezrodla.com\/index.php?rest_route=\/wp\/v2\/users\/1"}],"replies":[{"embeddable":true,"href":"https:\/\/dobrezrodla.com\/index.php?rest_route=%2Fwp%2Fv2%2Fcomments&post=2864"}],"version-history":[{"count":1,"href":"https:\/\/dobrezrodla.com\/index.php?rest_route=\/wp\/v2\/posts\/2864\/revisions"}],"predecessor-version":[{"id":2866,"href":"https:\/\/dobrezrodla.com\/index.php?rest_route=\/wp\/v2\/posts\/2864\/revisions\/2866"}],"wp:featuredmedia":[{"embeddable":true,"href":"https:\/\/dobrezrodla.com\/index.php?rest_route=\/wp\/v2\/media\/2865"}],"wp:attachment":[{"href":"https:\/\/dobrezrodla.com\/index.php?rest_route=%2Fwp%2Fv2%2Fmedia&parent=2864"}],"wp:term":[{"taxonomy":"category","embeddable":true,"href":"https:\/\/dobrezrodla.com\/index.php?rest_route=%2Fwp%2Fv2%2Fcategories&post=2864"},{"taxonomy":"post_tag","embeddable":true,"href":"https:\/\/dobrezrodla.com\/index.php?rest_route=%2Fwp%2Fv2%2Ftags&post=2864"}],"curies":[{"name":"wp","href":"https:\/\/api.w.org\/{rel}","templated":true}]}}