{"id":2867,"date":"2025-08-16T08:01:39","date_gmt":"2025-08-16T08:01:39","guid":{"rendered":"https:\/\/dobrezrodla.com\/?p=2867"},"modified":"2025-08-16T08:01:40","modified_gmt":"2025-08-16T08:01:40","slug":"wyciekl-tajny-dokument-kancelarii-premiera-co-ukrywa-tusk","status":"publish","type":"post","link":"https:\/\/dobrezrodla.com\/?p=2867","title":{"rendered":"Wyciek\u0142 tajny dokument Kancelarii Premiera \u2013 co ukrywa Tusk?"},"content":{"rendered":"\n<p>W polskiej polityce zawrza\u0142o. Do medi\u00f3w trafi\u0142 rzekomo <strong>tajny dokument z Kancelarii Premiera<\/strong>, kt\u00f3ry mia\u0142 nigdy nie ujrze\u0107 \u015bwiat\u0142a dziennego. Wed\u0142ug nieoficjalnych informacji, zawiera on <strong>szczeg\u00f3\u0142y planu reformy administracyjnej<\/strong>, kt\u00f3ra mo\u017ce ca\u0142kowicie zmieni\u0107 uk\u0142ad si\u0142 w kraju.<\/p>\n\n\n\n<p>Dokument, podpisany przez najbli\u017cszych doradc\u00f3w Donalda Tuska, przewiduje m.in.:<\/p>\n\n\n\n<ul class=\"wp-block-list\">\n<li><strong>centralizacj\u0119 decyzji<\/strong> w wybranych resortach,<\/li>\n\n\n\n<li>nowy mechanizm nadzoru nad wojewodami,<\/li>\n\n\n\n<li>ograniczenie kompetencji samorz\u0105d\u00f3w w zakresie finans\u00f3w publicznych,<\/li>\n\n\n\n<li>wprowadzenie \u201ecichych zmian\u201d w systemie powo\u0142ywania s\u0119dzi\u00f3w i prokurator\u00f3w.<\/li>\n<\/ul>\n\n\n\n<p>Najwi\u0119ksze poruszenie wywo\u0142a\u0142 jednak za\u0142\u0105cznik z klauzul\u0105 \u201e<strong>do u\u017cytku wewn\u0119trznego \u2013 nie publikowa\u0107<\/strong>\u201d, kt\u00f3ry zawiera analiz\u0119 reakcji spo\u0142ecznych na mo\u017cliwe ograniczenia wolno\u015bci medi\u00f3w w imi\u0119 \u201estabilizacji debaty publicznej\u201d.<\/p>\n\n\n\n<p>Opozycja grzmi: <strong>\u201eTo zamach na demokracj\u0119!\u201d<\/strong>. Ze strony prezydenta Nawrockiego mia\u0142y ju\u017c pa\u015b\u0107 pierwsze nieoficjalne pytania \u2013 czy premier Tusk rzeczywi\u015bcie planuje reformy za plecami opinii publicznej?<\/p>\n\n\n\n<p>Rzecznik rz\u0105du odm\u00f3wi\u0142 komentarza, okre\u015blaj\u0105c przeciek jako \u201efake news inspirowany politycznie\u201d. Ale wielu komentator\u00f3w zauwa\u017ca, \u017ce <strong>reakcja by\u0142a zbyt nerwowa, by by\u0142a przypadkowa<\/strong>.<\/p>\n\n\n\n<p>W mediach spo\u0142eczno\u015bciowych wybuch\u0142a burza. Hasztagi <strong>#CoUkrywaTusk<\/strong> i <strong>#TajnyDokument<\/strong> natychmiast zdominowa\u0142y krajowe trendy.<\/p>\n\n\n\n<p>Czy Donald Tusk ukrywa co\u015b przed obywatelami? A mo\u017ce to tylko pr\u00f3ba destabilizacji rz\u0105du przez jego przeciwnik\u00f3w?<\/p>\n\n\n\n<p>Jedno jest pewne \u2013 <strong>tajny dokument istnieje, a jego tre\u015b\u0107 mo\u017ce na zawsze zmieni\u0107 polsk\u0105 scen\u0119 polityczn\u0105<\/strong>.<\/p>\n","protected":false},"excerpt":{"rendered":"<p>W polskiej polityce zawrza\u0142o. Do medi\u00f3w trafi\u0142 rzekomo tajny dokument z Kancelarii Premiera, kt\u00f3ry mia\u0142 nigdy nie ujrze\u0107 \u015bwiat\u0142a dziennego. Wed\u0142ug nieoficjalnych informacji, zawiera on szczeg\u00f3\u0142y planu reformy administracyjnej, kt\u00f3ra mo\u017ce ca\u0142kowicie zmieni\u0107 uk\u0142ad si\u0142 w kraju. Dokument, podpisany przez najbli\u017cszych doradc\u00f3w Donalda Tuska, przewiduje m.in.: Najwi\u0119ksze poruszenie wywo\u0142a\u0142 jednak za\u0142\u0105cznik z klauzul\u0105 \u201edo u\u017cytku &#8230; <a title=\"Wyciek\u0142 tajny dokument Kancelarii Premiera \u2013 co ukrywa Tusk?\" class=\"read-more\" href=\"https:\/\/dobrezrodla.com\/?p=2867\" aria-label=\"Read more about Wyciek\u0142 tajny dokument Kancelarii Premiera \u2013 co ukrywa Tusk?\">Read more<\/a><\/p>\n","protected":false},"author":1,"featured_media":2868,"comment_status":"open","ping_status":"open","sticky":false,"template":"","format":"standard","meta":{"footnotes":""},"categories":[1],"tags":[],"class_list":["post-2867","post","type-post","status-publish","format-standard","has-post-thumbnail","hentry","category-uncategorized"],"_links":{"self":[{"href":"https:\/\/dobrezrodla.com\/index.php?rest_route=\/wp\/v2\/posts\/2867","targetHints":{"allow":["GET"]}}],"collection":[{"href":"https:\/\/dobrezrodla.com\/index.php?rest_route=\/wp\/v2\/posts"}],"about":[{"href":"https:\/\/dobrezrodla.com\/index.php?rest_route=\/wp\/v2\/types\/post"}],"author":[{"embeddable":true,"href":"https:\/\/dobrezrodla.com\/index.php?rest_route=\/wp\/v2\/users\/1"}],"replies":[{"embeddable":true,"href":"https:\/\/dobrezrodla.com\/index.php?rest_route=%2Fwp%2Fv2%2Fcomments&post=2867"}],"version-history":[{"count":1,"href":"https:\/\/dobrezrodla.com\/index.php?rest_route=\/wp\/v2\/posts\/2867\/revisions"}],"predecessor-version":[{"id":2869,"href":"https:\/\/dobrezrodla.com\/index.php?rest_route=\/wp\/v2\/posts\/2867\/revisions\/2869"}],"wp:featuredmedia":[{"embeddable":true,"href":"https:\/\/dobrezrodla.com\/index.php?rest_route=\/wp\/v2\/media\/2868"}],"wp:attachment":[{"href":"https:\/\/dobrezrodla.com\/index.php?rest_route=%2Fwp%2Fv2%2Fmedia&parent=2867"}],"wp:term":[{"taxonomy":"category","embeddable":true,"href":"https:\/\/dobrezrodla.com\/index.php?rest_route=%2Fwp%2Fv2%2Fcategories&post=2867"},{"taxonomy":"post_tag","embeddable":true,"href":"https:\/\/dobrezrodla.com\/index.php?rest_route=%2Fwp%2Fv2%2Ftags&post=2867"}],"curies":[{"name":"wp","href":"https:\/\/api.w.org\/{rel}","templated":true}]}}