{"id":2870,"date":"2025-08-16T08:03:19","date_gmt":"2025-08-16T08:03:19","guid":{"rendered":"https:\/\/dobrezrodla.com\/?p=2870"},"modified":"2025-08-16T08:03:20","modified_gmt":"2025-08-16T08:03:20","slug":"czy-tusk-szykuje-sie-do-rezygnacji-zaskakujace-doniesienia-z-sejmu","status":"publish","type":"post","link":"https:\/\/dobrezrodla.com\/?p=2870","title":{"rendered":"Czy Tusk szykuje si\u0119 do rezygnacji? Zaskakuj\u0105ce doniesienia z Sejmu"},"content":{"rendered":"\n<p>Kuluary sejmowe hucz\u0105 od plotek. W ostatnich dniach coraz wi\u0119cej pos\u0142\u00f3w \u2014 nawet z koalicji rz\u0105dz\u0105cej \u2014 zacz\u0119\u0142o m\u00f3wi\u0107 o <strong>\u201ezm\u0119czeniu premiera\u201d<\/strong> i mo\u017cliwym <strong>scenariuszu wycofania si\u0119 Donalda Tuska z funkcji szefa rz\u0105du<\/strong> jeszcze przed ko\u0144cem kadencji.<\/p>\n\n\n\n<p>Wed\u0142ug nieoficjalnych informacji, premier mia\u0142 w zamkni\u0119tym gronie powiedzie\u0107:<\/p>\n\n\n\n<blockquote class=\"wp-block-quote is-layout-flow wp-block-quote-is-layout-flow\">\n<p><strong>\u2013 Czasami trzeba wiedzie\u0107, kiedy odej\u015b\u0107, zanim zrobi to historia za ciebie.<\/strong><\/p>\n<\/blockquote>\n\n\n\n<p>Cho\u0107 nie pad\u0142y \u017cadne konkretne daty ani nazwiska ewentualnych nast\u0119pc\u00f3w, atmosfera niepewno\u015bci zacz\u0119\u0142a si\u0119 udziela\u0107 nawet cz\u0142onkom gabinetu. Cz\u0119\u015b\u0107 z nich przygotowuje si\u0119 ju\u017c \u2014 jak twierdz\u0105 \u017ar\u00f3d\u0142a \u2014 na \u201enowe rozdanie\u201d.<\/p>\n\n\n\n<p>Dodatkowo, ostatnie napi\u0119cia z prezydentem Nawrockim, spadaj\u0105ce sonda\u017ce oraz presja opinii publicznej maj\u0105 wp\u0142ywa\u0107 na kondycj\u0119 psychiczn\u0105 premiera. Jedna z pos\u0142anek Koalicji Obywatelskiej mia\u0142a powiedzie\u0107 poza kamer\u0105:<\/p>\n\n\n\n<blockquote class=\"wp-block-quote is-layout-flow wp-block-quote-is-layout-flow\">\n<p><strong>\u2013 Donald coraz cz\u0119\u015bciej m\u00f3wi o rodzinie, podr\u00f3\u017cach, o tym, co poza polityk\u0105. To nie jest ten sam Tusk co rok temu.<\/strong><\/p>\n<\/blockquote>\n\n\n\n<p>Z drugiej strony, rzecznicy rz\u0105du stanowczo zaprzeczaj\u0105, jakoby premier rozwa\u017ca\u0142 rezygnacj\u0119. <strong>\u2013 Premier jest skoncentrowany na pracy i reformach \u2013<\/strong> brzmi oficjalne stanowisko.<\/p>\n\n\n\n<p>Ale pytanie pozostaje w powietrzu:<br><strong>czy Tusk naprawd\u0119 szykuje si\u0119 do odej\u015bcia, czy to tylko polityczna zas\u0142ona dymna przed wi\u0119kszym manewrem?<\/strong><\/p>\n\n\n\n<p>Polityczna scena dr\u017cy. Odpowied\u017a mo\u017ce nadej\u015b\u0107 szybciej, ni\u017c si\u0119 spodziewamy.<\/p>\n","protected":false},"excerpt":{"rendered":"<p>Kuluary sejmowe hucz\u0105 od plotek. W ostatnich dniach coraz wi\u0119cej pos\u0142\u00f3w \u2014 nawet z koalicji rz\u0105dz\u0105cej \u2014 zacz\u0119\u0142o m\u00f3wi\u0107 o \u201ezm\u0119czeniu premiera\u201d i mo\u017cliwym scenariuszu wycofania si\u0119 Donalda Tuska z funkcji szefa rz\u0105du jeszcze przed ko\u0144cem kadencji. Wed\u0142ug nieoficjalnych informacji, premier mia\u0142 w zamkni\u0119tym gronie powiedzie\u0107: \u2013 Czasami trzeba wiedzie\u0107, kiedy odej\u015b\u0107, zanim zrobi to &#8230; <a title=\"Czy Tusk szykuje si\u0119 do rezygnacji? Zaskakuj\u0105ce doniesienia z Sejmu\" class=\"read-more\" href=\"https:\/\/dobrezrodla.com\/?p=2870\" aria-label=\"Read more about Czy Tusk szykuje si\u0119 do rezygnacji? Zaskakuj\u0105ce doniesienia z Sejmu\">Read more<\/a><\/p>\n","protected":false},"author":1,"featured_media":2871,"comment_status":"open","ping_status":"open","sticky":false,"template":"","format":"standard","meta":{"footnotes":""},"categories":[1],"tags":[],"class_list":["post-2870","post","type-post","status-publish","format-standard","has-post-thumbnail","hentry","category-uncategorized"],"_links":{"self":[{"href":"https:\/\/dobrezrodla.com\/index.php?rest_route=\/wp\/v2\/posts\/2870","targetHints":{"allow":["GET"]}}],"collection":[{"href":"https:\/\/dobrezrodla.com\/index.php?rest_route=\/wp\/v2\/posts"}],"about":[{"href":"https:\/\/dobrezrodla.com\/index.php?rest_route=\/wp\/v2\/types\/post"}],"author":[{"embeddable":true,"href":"https:\/\/dobrezrodla.com\/index.php?rest_route=\/wp\/v2\/users\/1"}],"replies":[{"embeddable":true,"href":"https:\/\/dobrezrodla.com\/index.php?rest_route=%2Fwp%2Fv2%2Fcomments&post=2870"}],"version-history":[{"count":1,"href":"https:\/\/dobrezrodla.com\/index.php?rest_route=\/wp\/v2\/posts\/2870\/revisions"}],"predecessor-version":[{"id":2872,"href":"https:\/\/dobrezrodla.com\/index.php?rest_route=\/wp\/v2\/posts\/2870\/revisions\/2872"}],"wp:featuredmedia":[{"embeddable":true,"href":"https:\/\/dobrezrodla.com\/index.php?rest_route=\/wp\/v2\/media\/2871"}],"wp:attachment":[{"href":"https:\/\/dobrezrodla.com\/index.php?rest_route=%2Fwp%2Fv2%2Fmedia&parent=2870"}],"wp:term":[{"taxonomy":"category","embeddable":true,"href":"https:\/\/dobrezrodla.com\/index.php?rest_route=%2Fwp%2Fv2%2Fcategories&post=2870"},{"taxonomy":"post_tag","embeddable":true,"href":"https:\/\/dobrezrodla.com\/index.php?rest_route=%2Fwp%2Fv2%2Ftags&post=2870"}],"curies":[{"name":"wp","href":"https:\/\/api.w.org\/{rel}","templated":true}]}}