{"id":2877,"date":"2025-08-17T12:34:00","date_gmt":"2025-08-17T12:34:00","guid":{"rendered":"https:\/\/dobrezrodla.com\/?p=2877"},"modified":"2025-08-17T12:34:00","modified_gmt":"2025-08-17T12:34:00","slug":"prezydent-nawrocki-reprezentuje-polske-podczas-rozmowy-trump-europa-co-z-premierem-tuskiem","status":"publish","type":"post","link":"https:\/\/dobrezrodla.com\/?p=2877","title":{"rendered":"Prezydent Nawrocki reprezentuje Polsk\u0119 podczas rozmowy Trump\u2013Europa \u2013 co z premierem Tuskiem?"},"content":{"rendered":"\n<p>W politycznych kuluarach zawrza\u0142o. Wczoraj wieczorem prezydent Karol Nawrocki wzi\u0105\u0142 udzia\u0142 w mi\u0119dzynarodowej telekonferencji zorganizowanej przez prezydenta USA Donalda Trumpa, dotycz\u0105cej sytuacji geopolitycznej w Europie Wschodniej oraz bezpiecze\u0144stwa energetycznego. Na li\u015bcie uczestnik\u00f3w znale\u017ali si\u0119 najwa\u017cniejsi liderzy Starego Kontynentu \u2013 <strong>ale nie by\u0142o premiera Donalda Tuska<\/strong>.<\/p>\n\n\n\n<p>Decyzja, by to <strong>prezydent, a nie szef rz\u0105du<\/strong>, reprezentowa\u0142 Polsk\u0119, wywo\u0142a\u0142a <strong>fala spekulacji<\/strong> i napi\u0119\u0107 na linii Pa\u0142ac Prezydencki \u2013 Kancelaria Premiera. Szczeg\u00f3lnie, \u017ce rozmowy dotyczy\u0142y temat\u00f3w, kt\u00f3re od miesi\u0119cy le\u017c\u0105 w gestii rz\u0105du: bezpiecze\u0144stwo Ukrainy, gazoci\u0105g Nord Stream 2, wsp\u00f3lna polityka graniczna oraz planowane sankcje wobec Rosji.<\/p>\n\n\n\n<h3 class=\"wp-block-heading\">\u201eSilny g\u0142os Polski\u201d<\/h3>\n\n\n\n<p>W o\u015bwiadczeniu wydanym tu\u017c po zako\u0144czeniu rozmowy, Biuro Prezydenta poinformowa\u0142o:<\/p>\n\n\n\n<blockquote class=\"wp-block-quote is-layout-flow wp-block-quote-is-layout-flow\">\n<p><strong>\u2013 Prezydent Karol Nawrocki podkre\u015bli\u0142 nienaruszalno\u015b\u0107 wschodnich granic NATO, gotowo\u015b\u0107 Polski do wsp\u00f3lnego dzia\u0142ania i potrzeb\u0119 zachowania niezale\u017cno\u015bci energetycznej Unii Europejskiej.<\/strong><\/p>\n<\/blockquote>\n\n\n\n<p>Wed\u0142ug nieoficjalnych informacji, <strong>Donald Trump mia\u0142 bezpo\u015brednio zwr\u00f3ci\u0107 si\u0119 do Nawrockiego<\/strong>, dzi\u0119kuj\u0105c mu za \u201ejasny i twardy g\u0142os w sercu Europy\u201d.<\/p>\n\n\n\n<h3 class=\"wp-block-heading\">Gdzie by\u0142 Tusk?<\/h3>\n\n\n\n<p>Z Kancelarii Premiera nie wydano dot\u0105d \u017cadnego komentarza. Nieoficjalnie m\u00f3wi si\u0119, \u017ce Tusk mia\u0142 nie by\u0107 poinformowany o rozmowie lub zosta\u0142 <strong>celowo pomini\u0119ty przez stron\u0119 ameryka\u0144sk\u0105<\/strong>. Taka sytuacja mog\u0142aby oznacza\u0107 <strong>powa\u017cny roz\u0142am w polskiej polityce zagranicznej<\/strong> i potencjaln\u0105 utrat\u0119 wp\u0142ywu rz\u0105du na najwa\u017cniejsze decyzje sojusznicze.<\/p>\n\n\n\n<hr class=\"wp-block-separator has-alpha-channel-opacity\"\/>\n\n\n\n<h2 class=\"wp-block-heading\"><strong>Czy prezydent przejmuje rol\u0119 lidera polityki zagranicznej?<\/strong><\/h2>\n\n\n\n<p>To ju\u017c kolejne wydarzenie w ostatnich tygodniach, w kt\u00f3rym prezydent Nawrocki wyra\u017anie <strong>przejmuje inicjatyw\u0119 na arenie mi\u0119dzynarodowej<\/strong>, cz\u0119sto bez udzia\u0142u lub zgody Rady Ministr\u00f3w. Cz\u0119\u015b\u0107 komentator\u00f3w m\u00f3wi o \u201ecichym przewrocie dyplomatycznym\u201d.<\/p>\n\n\n\n<p><strong>Czy Polska zmierza w stron\u0119 nowego modelu w\u0142adzy?<\/strong> A mo\u017ce to tylko symboliczny gest \u2013 sygna\u0142, \u017ce prezydent zamierza aktywnie uczestniczy\u0107 w rozmowach, kt\u00f3re kiedy\u015b by\u0142y domen\u0105 wy\u0142\u0105cznie rz\u0105du?<\/p>\n\n\n\n<p>Jedno jest pewne \u2013 <strong>ta decyzja nie przejdzie bez echa.<\/strong><\/p>\n","protected":false},"excerpt":{"rendered":"<p>W politycznych kuluarach zawrza\u0142o. Wczoraj wieczorem prezydent Karol Nawrocki wzi\u0105\u0142 udzia\u0142 w mi\u0119dzynarodowej telekonferencji zorganizowanej przez prezydenta USA Donalda Trumpa, dotycz\u0105cej sytuacji geopolitycznej w Europie Wschodniej oraz bezpiecze\u0144stwa energetycznego. Na li\u015bcie uczestnik\u00f3w znale\u017ali si\u0119 najwa\u017cniejsi liderzy Starego Kontynentu \u2013 ale nie by\u0142o premiera Donalda Tuska. Decyzja, by to prezydent, a nie szef rz\u0105du, reprezentowa\u0142 Polsk\u0119, &#8230; <a title=\"Prezydent Nawrocki reprezentuje Polsk\u0119 podczas rozmowy Trump\u2013Europa \u2013 co z premierem Tuskiem?\" class=\"read-more\" href=\"https:\/\/dobrezrodla.com\/?p=2877\" aria-label=\"Read more about Prezydent Nawrocki reprezentuje Polsk\u0119 podczas rozmowy Trump\u2013Europa \u2013 co z premierem Tuskiem?\">Read more<\/a><\/p>\n","protected":false},"author":1,"featured_media":2878,"comment_status":"open","ping_status":"open","sticky":false,"template":"","format":"standard","meta":{"footnotes":""},"categories":[1],"tags":[],"class_list":["post-2877","post","type-post","status-publish","format-standard","has-post-thumbnail","hentry","category-uncategorized"],"_links":{"self":[{"href":"https:\/\/dobrezrodla.com\/index.php?rest_route=\/wp\/v2\/posts\/2877","targetHints":{"allow":["GET"]}}],"collection":[{"href":"https:\/\/dobrezrodla.com\/index.php?rest_route=\/wp\/v2\/posts"}],"about":[{"href":"https:\/\/dobrezrodla.com\/index.php?rest_route=\/wp\/v2\/types\/post"}],"author":[{"embeddable":true,"href":"https:\/\/dobrezrodla.com\/index.php?rest_route=\/wp\/v2\/users\/1"}],"replies":[{"embeddable":true,"href":"https:\/\/dobrezrodla.com\/index.php?rest_route=%2Fwp%2Fv2%2Fcomments&post=2877"}],"version-history":[{"count":1,"href":"https:\/\/dobrezrodla.com\/index.php?rest_route=\/wp\/v2\/posts\/2877\/revisions"}],"predecessor-version":[{"id":2879,"href":"https:\/\/dobrezrodla.com\/index.php?rest_route=\/wp\/v2\/posts\/2877\/revisions\/2879"}],"wp:featuredmedia":[{"embeddable":true,"href":"https:\/\/dobrezrodla.com\/index.php?rest_route=\/wp\/v2\/media\/2878"}],"wp:attachment":[{"href":"https:\/\/dobrezrodla.com\/index.php?rest_route=%2Fwp%2Fv2%2Fmedia&parent=2877"}],"wp:term":[{"taxonomy":"category","embeddable":true,"href":"https:\/\/dobrezrodla.com\/index.php?rest_route=%2Fwp%2Fv2%2Fcategories&post=2877"},{"taxonomy":"post_tag","embeddable":true,"href":"https:\/\/dobrezrodla.com\/index.php?rest_route=%2Fwp%2Fv2%2Ftags&post=2877"}],"curies":[{"name":"wp","href":"https:\/\/api.w.org\/{rel}","templated":true}]}}