{"id":2931,"date":"2025-08-18T13:37:52","date_gmt":"2025-08-18T13:37:52","guid":{"rendered":"https:\/\/dobrezrodla.com\/?p=2931"},"modified":"2025-08-18T13:37:53","modified_gmt":"2025-08-18T13:37:53","slug":"szokujacy-plan-prezydenta-polska-zawiesza-wspolprace-z-bruksela","status":"publish","type":"post","link":"https:\/\/dobrezrodla.com\/?p=2931","title":{"rendered":"Szokuj\u0105cy plan prezydenta: Polska zawiesza wsp\u00f3\u0142prac\u0119 z Bruksel\u0105?"},"content":{"rendered":"\n<p>W Pa\u0142acu Prezydenckim wrze. Wed\u0142ug przeciek\u00f3w z otoczenia Karola Nawrockiego, prezydent przygotowuje <strong>radykalny plan ograniczenia wsp\u00f3\u0142pracy Polski z instytucjami Unii Europejskiej<\/strong>. Chocia\u017c oficjalnie mowa jedynie o \u201eprzegl\u0105dzie kompetencji i relacji bilateralnych\u201d, skala dokumentu roboczego sugeruje <strong>co\u015b znacznie powa\u017cniejszego<\/strong>.<\/p>\n\n\n\n<p>Projekt zak\u0142ada m.in.:<\/p>\n\n\n\n<ul class=\"wp-block-list\">\n<li>czasowe <strong>zawieszenie udzia\u0142u<\/strong> polskich przedstawicieli w niekt\u00f3rych grupach roboczych Komisji Europejskiej,<\/li>\n\n\n\n<li><strong>odmow\u0119 implementacji<\/strong> kolejnych unijnych rozporz\u0105dze\u0144 klimatycznych,<\/li>\n\n\n\n<li><strong>zamro\u017cenie<\/strong> konsultacji z Bruksel\u0105 w zakresie polityki migracyjnej,<\/li>\n\n\n\n<li>i stworzenie \u201ealternatywnego mechanizmu praworz\u0105dno\u015bci\u201d, bazuj\u0105cego na polskiej konstytucji.<\/li>\n<\/ul>\n\n\n\n<h3 class=\"wp-block-heading\">Bruksela nieoficjalnie zaniepokojona<\/h3>\n\n\n\n<p>Nieoficjalnie wiadomo, \u017ce <strong>komisarze europejscy s\u0105 zaskoczeni skal\u0105 zapowiadanych dzia\u0142a\u0144<\/strong>, a kilku ambasador\u00f3w kraj\u00f3w UE ju\u017c zwr\u00f3ci\u0142o si\u0119 z pro\u015bb\u0105 o \u201epilne wyja\u015bnienia\u201d do polskiego MSZ. Opozycja m\u00f3wi wprost: <strong>\u201eTo pierwszy krok do Polexitu\u201d<\/strong>.<\/p>\n\n\n\n<blockquote class=\"wp-block-quote is-layout-flow wp-block-quote-is-layout-flow\">\n<p><strong>\u2013 To nie jest debata. To jest pr\u00f3ba wyj\u015bcia tylnymi drzwiami z Unii Europejskiej \u2013<\/strong> grzmi jeden z pos\u0142\u00f3w opozycji.<\/p>\n<\/blockquote>\n\n\n\n<h3 class=\"wp-block-heading\">Rz\u0105d zaskoczony<\/h3>\n\n\n\n<p>Najwi\u0119kszym zaskoczeniem jest jednak fakt, \u017ce <strong>premier Donald Tusk nie zosta\u0142 poinformowany o planie prezydenta<\/strong>, zanim dokument trafi\u0142 do doradc\u00f3w legislacyjnych. W Kancelarii Premiera zapanowa\u0142a konsternacja. Jeden z ministr\u00f3w mia\u0142 powiedzie\u0107 kr\u00f3tko:<\/p>\n\n\n\n<blockquote class=\"wp-block-quote is-layout-flow wp-block-quote-is-layout-flow\">\n<p><strong>\u2013 Je\u015bli to si\u0119 potwierdzi, mamy kryzys konstytucyjny.<\/strong><\/p>\n<\/blockquote>\n\n\n\n<hr class=\"wp-block-separator has-alpha-channel-opacity\"\/>\n\n\n\n<h2 class=\"wp-block-heading\">Czy Polska naprawd\u0119 zawiesi wsp\u00f3\u0142prac\u0119 z UE?<\/h2>\n\n\n\n<p>Cho\u0107 prezydent Nawrocki nie odni\u00f3s\u0142 si\u0119 jeszcze publicznie do sprawy, jego rzecznik zapowiedzia\u0142, \u017ce \u201ePolska musi odzyska\u0107 realn\u0105 kontrol\u0119 nad procesami decyzyjnymi\u201d. Eksperci ostrzegaj\u0105, \u017ce nawet cz\u0119\u015bciowe zawieszenie wsp\u00f3\u0142pracy z Bruksel\u0105 mo\u017ce <strong>wp\u0142yn\u0105\u0107 na wyp\u0142at\u0119 \u015brodk\u00f3w unijnych i pozycj\u0119 Polski w Europie<\/strong>.<\/p>\n\n\n\n<p><strong>Czy to gra o suwerenno\u015b\u0107, czy pocz\u0105tek wyj\u015bcia z Unii? Odpowied\u017a mo\u017ce nadej\u015b\u0107 szybciej, ni\u017c my\u015blimy.<\/strong><\/p>\n","protected":false},"excerpt":{"rendered":"<p>W Pa\u0142acu Prezydenckim wrze. Wed\u0142ug przeciek\u00f3w z otoczenia Karola Nawrockiego, prezydent przygotowuje radykalny plan ograniczenia wsp\u00f3\u0142pracy Polski z instytucjami Unii Europejskiej. Chocia\u017c oficjalnie mowa jedynie o \u201eprzegl\u0105dzie kompetencji i relacji bilateralnych\u201d, skala dokumentu roboczego sugeruje co\u015b znacznie powa\u017cniejszego. Projekt zak\u0142ada m.in.: Bruksela nieoficjalnie zaniepokojona Nieoficjalnie wiadomo, \u017ce komisarze europejscy s\u0105 zaskoczeni skal\u0105 zapowiadanych dzia\u0142a\u0144, a &#8230; <a title=\"Szokuj\u0105cy plan prezydenta: Polska zawiesza wsp\u00f3\u0142prac\u0119 z Bruksel\u0105?\" class=\"read-more\" href=\"https:\/\/dobrezrodla.com\/?p=2931\" aria-label=\"Read more about Szokuj\u0105cy plan prezydenta: Polska zawiesza wsp\u00f3\u0142prac\u0119 z Bruksel\u0105?\">Read more<\/a><\/p>\n","protected":false},"author":1,"featured_media":2932,"comment_status":"open","ping_status":"open","sticky":false,"template":"","format":"standard","meta":{"footnotes":""},"categories":[1],"tags":[],"class_list":["post-2931","post","type-post","status-publish","format-standard","has-post-thumbnail","hentry","category-uncategorized"],"_links":{"self":[{"href":"https:\/\/dobrezrodla.com\/index.php?rest_route=\/wp\/v2\/posts\/2931","targetHints":{"allow":["GET"]}}],"collection":[{"href":"https:\/\/dobrezrodla.com\/index.php?rest_route=\/wp\/v2\/posts"}],"about":[{"href":"https:\/\/dobrezrodla.com\/index.php?rest_route=\/wp\/v2\/types\/post"}],"author":[{"embeddable":true,"href":"https:\/\/dobrezrodla.com\/index.php?rest_route=\/wp\/v2\/users\/1"}],"replies":[{"embeddable":true,"href":"https:\/\/dobrezrodla.com\/index.php?rest_route=%2Fwp%2Fv2%2Fcomments&post=2931"}],"version-history":[{"count":1,"href":"https:\/\/dobrezrodla.com\/index.php?rest_route=\/wp\/v2\/posts\/2931\/revisions"}],"predecessor-version":[{"id":2933,"href":"https:\/\/dobrezrodla.com\/index.php?rest_route=\/wp\/v2\/posts\/2931\/revisions\/2933"}],"wp:featuredmedia":[{"embeddable":true,"href":"https:\/\/dobrezrodla.com\/index.php?rest_route=\/wp\/v2\/media\/2932"}],"wp:attachment":[{"href":"https:\/\/dobrezrodla.com\/index.php?rest_route=%2Fwp%2Fv2%2Fmedia&parent=2931"}],"wp:term":[{"taxonomy":"category","embeddable":true,"href":"https:\/\/dobrezrodla.com\/index.php?rest_route=%2Fwp%2Fv2%2Fcategories&post=2931"},{"taxonomy":"post_tag","embeddable":true,"href":"https:\/\/dobrezrodla.com\/index.php?rest_route=%2Fwp%2Fv2%2Ftags&post=2931"}],"curies":[{"name":"wp","href":"https:\/\/api.w.org\/{rel}","templated":true}]}}