{"id":2934,"date":"2025-08-18T13:38:38","date_gmt":"2025-08-18T13:38:38","guid":{"rendered":"https:\/\/dobrezrodla.com\/?p=2934"},"modified":"2025-08-18T13:38:38","modified_gmt":"2025-08-18T13:38:38","slug":"kto-naprawde-rzadzi-polska-tusk-milczy-nawrocki-dziala","status":"publish","type":"post","link":"https:\/\/dobrezrodla.com\/?p=2934","title":{"rendered":"Kto naprawd\u0119 rz\u0105dzi Polsk\u0105? Tusk milczy, Nawrocki dzia\u0142a"},"content":{"rendered":"\n<p>Ostatnie tygodnie przynios\u0142y seri\u0119 zaskakuj\u0105cych wydarze\u0144, kt\u00f3re stawiaj\u0105 pytanie, o kt\u00f3rym jeszcze niedawno nikt nie odwa\u017cy\u0142 si\u0119 m\u00f3wi\u0107 g\u0142o\u015bno:<br><strong>czy realna w\u0142adza w Polsce przesuwa si\u0119 z r\u0105k rz\u0105du do Pa\u0142acu Prezydenckiego?<\/strong><\/p>\n\n\n\n<p>Podczas gdy premier Donald Tusk <strong>unika publicznych komentarzy<\/strong>, prezydent Karol Nawrocki niemal codziennie pojawia si\u0119 w mediach, podejmuje decyzje o znaczeniu mi\u0119dzynarodowym, a nawet komentuje dzia\u0142ania rz\u0105du \u2013 cz\u0119sto w spos\u00f3b <strong>stanowczy i krytyczny<\/strong>.<\/p>\n\n\n\n<h3 class=\"wp-block-heading\">Sygna\u0142y, kt\u00f3rych nie da si\u0119 zignorowa\u0107<\/h3>\n\n\n\n<p>\u2013 To prezydent, a nie premier, reprezentowa\u0142 Polsk\u0119 w rozmowie z prezydentem USA.<br>\u2013 To prezydent jako pierwszy wypowiedzia\u0142 si\u0119 w sprawie protest\u00f3w rolnik\u00f3w.<br>\u2013 To prezydent zainicjowa\u0142 debat\u0119 o zmianach konstytucyjnych, <strong>bez konsultacji z rz\u0105dem<\/strong>.<\/p>\n\n\n\n<p>W ostatnich dniach Nawrocki spotka\u0142 si\u0119 z liderami W\u0119gier i S\u0142owacji, <strong>omijaj\u0105c tradycyjny kana\u0142 MSZ<\/strong>. W Kancelarii Premiera zapanowa\u0142o milczenie. Donald Tusk <strong>nie odpowiedzia\u0142 ani razu<\/strong> na bezpo\u015brednie s\u0142owa prezydenta, cho\u0107 opinia publiczna tego oczekuje.<\/p>\n\n\n\n<blockquote class=\"wp-block-quote is-layout-flow wp-block-quote-is-layout-flow\">\n<p><strong>\u2013 Polska potrzebuje odwagi, nie ciszy \u2013<\/strong> powiedzia\u0142 Nawrocki podczas jednego z wyst\u0105pie\u0144, kt\u00f3re wielu odebra\u0142o jako <strong>bezpo\u015bredni\u0105 aluzj\u0119 do premiera<\/strong>.<\/p>\n<\/blockquote>\n\n\n\n<h3 class=\"wp-block-heading\">Czy trwa cichy przewr\u00f3t kompetencyjny?<\/h3>\n\n\n\n<p>Konstytucja jasno okre\u015bla podzia\u0142 w\u0142adzy w Polsce. Ale w praktyce, to <strong>aktywny prezydent i bierny premier<\/strong> mog\u0105 stworzy\u0107 now\u0105, nieformaln\u0105 rzeczywisto\u015b\u0107.<\/p>\n\n\n\n<p>Politolodzy ju\u017c m\u00f3wi\u0105 o <strong>\u201edualizmie w\u0142adzy\u201d<\/strong>, kt\u00f3ry mo\u017ce doprowadzi\u0107 do powa\u017cnego kryzysu instytucjonalnego, je\u015bli jedna ze stron nie wycofa si\u0119 lub\u2026 nie zareaguje.<\/p>\n\n\n\n<hr class=\"wp-block-separator has-alpha-channel-opacity\"\/>\n\n\n\n<h2 class=\"wp-block-heading\">Polska stoi na rozdro\u017cu<\/h2>\n\n\n\n<p>Kto naprawd\u0119 rz\u0105dzi Polsk\u0105?<br>Premier z pe\u0142ni\u0105 kompetencji, ale bez g\u0142osu?<br>Czy prezydent, kt\u00f3ry nie czeka na pozwolenie?<\/p>\n\n\n\n<p><strong>Tusk milczy. Nawrocki dzia\u0142a. A obywatele zaczynaj\u0105 zadawa\u0107 pytania.<\/strong><\/p>\n","protected":false},"excerpt":{"rendered":"<p>Ostatnie tygodnie przynios\u0142y seri\u0119 zaskakuj\u0105cych wydarze\u0144, kt\u00f3re stawiaj\u0105 pytanie, o kt\u00f3rym jeszcze niedawno nikt nie odwa\u017cy\u0142 si\u0119 m\u00f3wi\u0107 g\u0142o\u015bno:czy realna w\u0142adza w Polsce przesuwa si\u0119 z r\u0105k rz\u0105du do Pa\u0142acu Prezydenckiego? Podczas gdy premier Donald Tusk unika publicznych komentarzy, prezydent Karol Nawrocki niemal codziennie pojawia si\u0119 w mediach, podejmuje decyzje o znaczeniu mi\u0119dzynarodowym, a nawet &#8230; <a title=\"Kto naprawd\u0119 rz\u0105dzi Polsk\u0105? Tusk milczy, Nawrocki dzia\u0142a\" class=\"read-more\" href=\"https:\/\/dobrezrodla.com\/?p=2934\" aria-label=\"Read more about Kto naprawd\u0119 rz\u0105dzi Polsk\u0105? Tusk milczy, Nawrocki dzia\u0142a\">Read more<\/a><\/p>\n","protected":false},"author":1,"featured_media":2935,"comment_status":"open","ping_status":"open","sticky":false,"template":"","format":"standard","meta":{"footnotes":""},"categories":[1],"tags":[],"class_list":["post-2934","post","type-post","status-publish","format-standard","has-post-thumbnail","hentry","category-uncategorized"],"_links":{"self":[{"href":"https:\/\/dobrezrodla.com\/index.php?rest_route=\/wp\/v2\/posts\/2934","targetHints":{"allow":["GET"]}}],"collection":[{"href":"https:\/\/dobrezrodla.com\/index.php?rest_route=\/wp\/v2\/posts"}],"about":[{"href":"https:\/\/dobrezrodla.com\/index.php?rest_route=\/wp\/v2\/types\/post"}],"author":[{"embeddable":true,"href":"https:\/\/dobrezrodla.com\/index.php?rest_route=\/wp\/v2\/users\/1"}],"replies":[{"embeddable":true,"href":"https:\/\/dobrezrodla.com\/index.php?rest_route=%2Fwp%2Fv2%2Fcomments&post=2934"}],"version-history":[{"count":1,"href":"https:\/\/dobrezrodla.com\/index.php?rest_route=\/wp\/v2\/posts\/2934\/revisions"}],"predecessor-version":[{"id":2936,"href":"https:\/\/dobrezrodla.com\/index.php?rest_route=\/wp\/v2\/posts\/2934\/revisions\/2936"}],"wp:featuredmedia":[{"embeddable":true,"href":"https:\/\/dobrezrodla.com\/index.php?rest_route=\/wp\/v2\/media\/2935"}],"wp:attachment":[{"href":"https:\/\/dobrezrodla.com\/index.php?rest_route=%2Fwp%2Fv2%2Fmedia&parent=2934"}],"wp:term":[{"taxonomy":"category","embeddable":true,"href":"https:\/\/dobrezrodla.com\/index.php?rest_route=%2Fwp%2Fv2%2Fcategories&post=2934"},{"taxonomy":"post_tag","embeddable":true,"href":"https:\/\/dobrezrodla.com\/index.php?rest_route=%2Fwp%2Fv2%2Ftags&post=2934"}],"curies":[{"name":"wp","href":"https:\/\/api.w.org\/{rel}","templated":true}]}}