{"id":2937,"date":"2025-08-18T13:39:20","date_gmt":"2025-08-18T13:39:20","guid":{"rendered":"https:\/\/dobrezrodla.com\/?p=2937"},"modified":"2025-08-18T13:39:21","modified_gmt":"2025-08-18T13:39:21","slug":"cisza-przed-burza-tusk-znika-z-mediow-nawrocki-szykuje-wystapienie-zycia","status":"publish","type":"post","link":"https:\/\/dobrezrodla.com\/?p=2937","title":{"rendered":"Cisza przed burz\u0105? Tusk znika z medi\u00f3w, Nawrocki szykuje wyst\u0105pienie \u017cycia"},"content":{"rendered":"\n<p>Od kilku dni media milcz\u0105 o Donaldzie Tusku. \u017badnych nowych wywiad\u00f3w, \u017cadnych publicznych wyst\u0105pie\u0144, \u017cadnych komentarzy do bie\u017c\u0105cych wydarze\u0144. Premier, kt\u00f3ry jeszcze niedawno by\u0142 wsz\u0119dzie, <strong>nagle znikn\u0105\u0142 z przestrzeni publicznej<\/strong>.<\/p>\n\n\n\n<p>W tym samym czasie z Pa\u0142acu Prezydenckiego dochodz\u0105 niepokoj\u0105ce wie\u015bci: Karol Nawrocki ma przygotowywa\u0107 <strong>najwa\u017cniejsze przem\u00f3wienie w swojej karierze politycznej<\/strong>. Termin? Ju\u017c w ten weekend. Miejsce? Jeszcze nieoficjalne \u2013 m\u00f3wi si\u0119 o Gda\u0144sku, Warszawie lub\u2026 Brukseli.<\/p>\n\n\n\n<h3 class=\"wp-block-heading\">O czym b\u0119dzie m\u00f3wi\u0142 prezydent?<\/h3>\n\n\n\n<p>Nieoficjalne przecieki sugeruj\u0105, \u017ce wyst\u0105pienie Nawrockiego mo\u017ce dotyczy\u0107:<\/p>\n\n\n\n<ul class=\"wp-block-list\">\n<li>redefinicji roli prezydenta w systemie w\u0142adzy,<\/li>\n\n\n\n<li>ostrej krytyki dzia\u0142a\u0144 rz\u0105du w zakresie polityki zagranicznej i bezpiecze\u0144stwa,<\/li>\n\n\n\n<li>zapowiedzi inicjatywy konstytucyjnej,<\/li>\n\n\n\n<li>a nawet \u2013 jak twierdz\u0105 niekt\u00f3rzy \u2013 <strong>wezwania do zwo\u0142ania nadzwyczajnego Zgromadzenia Narodowego<\/strong>.<\/li>\n<\/ul>\n\n\n\n<blockquote class=\"wp-block-quote is-layout-flow wp-block-quote-is-layout-flow\">\n<p><strong>\u2013 To b\u0119dzie moment prze\u0142omowy. Albo Tusk odpowie, albo zostanie zepchni\u0119ty na margines \u2013<\/strong> komentuje jeden z doradc\u00f3w prezydenckich, prosz\u0105c o anonimowo\u015b\u0107.<\/p>\n<\/blockquote>\n\n\n\n<h3 class=\"wp-block-heading\">Tusk milczy. Celowo?<\/h3>\n\n\n\n<p>Brak obecno\u015bci premiera w mediach budzi pytania. Czy to \u015bwiadoma taktyka, by przeczeka\u0107 ofensyw\u0119 prezydenta? A mo\u017ce sygna\u0142, \u017ce w obozie rz\u0105dz\u0105cym <strong>brakuje strategii i sp\u00f3jnego przekazu<\/strong>?<\/p>\n\n\n\n<p>W kr\u0119gach politycznych narasta napi\u0119cie. M\u00f3wi si\u0119 o mo\u017cliwej rekonstrukcji rz\u0105du, a nawet o przygotowaniach do&#8230; wcze\u015bniejszych wybor\u00f3w.<\/p>\n\n\n\n<hr class=\"wp-block-separator has-alpha-channel-opacity\"\/>\n\n\n\n<h2 class=\"wp-block-heading\">Polska czeka<\/h2>\n\n\n\n<p>Cisza wok\u00f3\u0142 Tuska i mobilizacja wok\u00f3\u0142 Nawrockiego to nie przypadek. To mo\u017ce by\u0107 <strong>cisza przed burz\u0105<\/strong>, kt\u00f3rej konsekwencje b\u0119d\u0105 odczuwalne nie tylko w Warszawie, ale i w ca\u0142ej Europie.<\/p>\n\n\n\n<p>Czy prezydent rzeczywi\u015bcie uderzy z ca\u0142\u0105 moc\u0105? Czy premier da si\u0119 zepchn\u0105\u0107 w cie\u0144?<\/p>\n\n\n\n<p><strong>Odpowiedzi poznamy ju\u017c wkr\u00f3tce.<\/strong><\/p>\n","protected":false},"excerpt":{"rendered":"<p>Od kilku dni media milcz\u0105 o Donaldzie Tusku. \u017badnych nowych wywiad\u00f3w, \u017cadnych publicznych wyst\u0105pie\u0144, \u017cadnych komentarzy do bie\u017c\u0105cych wydarze\u0144. Premier, kt\u00f3ry jeszcze niedawno by\u0142 wsz\u0119dzie, nagle znikn\u0105\u0142 z przestrzeni publicznej. W tym samym czasie z Pa\u0142acu Prezydenckiego dochodz\u0105 niepokoj\u0105ce wie\u015bci: Karol Nawrocki ma przygotowywa\u0107 najwa\u017cniejsze przem\u00f3wienie w swojej karierze politycznej. Termin? Ju\u017c w ten weekend. &#8230; <a title=\"Cisza przed burz\u0105? Tusk znika z medi\u00f3w, Nawrocki szykuje wyst\u0105pienie \u017cycia\" class=\"read-more\" href=\"https:\/\/dobrezrodla.com\/?p=2937\" aria-label=\"Read more about Cisza przed burz\u0105? Tusk znika z medi\u00f3w, Nawrocki szykuje wyst\u0105pienie \u017cycia\">Read more<\/a><\/p>\n","protected":false},"author":1,"featured_media":2938,"comment_status":"open","ping_status":"open","sticky":false,"template":"","format":"standard","meta":{"footnotes":""},"categories":[1],"tags":[],"class_list":["post-2937","post","type-post","status-publish","format-standard","has-post-thumbnail","hentry","category-uncategorized"],"_links":{"self":[{"href":"https:\/\/dobrezrodla.com\/index.php?rest_route=\/wp\/v2\/posts\/2937","targetHints":{"allow":["GET"]}}],"collection":[{"href":"https:\/\/dobrezrodla.com\/index.php?rest_route=\/wp\/v2\/posts"}],"about":[{"href":"https:\/\/dobrezrodla.com\/index.php?rest_route=\/wp\/v2\/types\/post"}],"author":[{"embeddable":true,"href":"https:\/\/dobrezrodla.com\/index.php?rest_route=\/wp\/v2\/users\/1"}],"replies":[{"embeddable":true,"href":"https:\/\/dobrezrodla.com\/index.php?rest_route=%2Fwp%2Fv2%2Fcomments&post=2937"}],"version-history":[{"count":1,"href":"https:\/\/dobrezrodla.com\/index.php?rest_route=\/wp\/v2\/posts\/2937\/revisions"}],"predecessor-version":[{"id":2939,"href":"https:\/\/dobrezrodla.com\/index.php?rest_route=\/wp\/v2\/posts\/2937\/revisions\/2939"}],"wp:featuredmedia":[{"embeddable":true,"href":"https:\/\/dobrezrodla.com\/index.php?rest_route=\/wp\/v2\/media\/2938"}],"wp:attachment":[{"href":"https:\/\/dobrezrodla.com\/index.php?rest_route=%2Fwp%2Fv2%2Fmedia&parent=2937"}],"wp:term":[{"taxonomy":"category","embeddable":true,"href":"https:\/\/dobrezrodla.com\/index.php?rest_route=%2Fwp%2Fv2%2Fcategories&post=2937"},{"taxonomy":"post_tag","embeddable":true,"href":"https:\/\/dobrezrodla.com\/index.php?rest_route=%2Fwp%2Fv2%2Ftags&post=2937"}],"curies":[{"name":"wp","href":"https:\/\/api.w.org\/{rel}","templated":true}]}}