{"id":2940,"date":"2025-08-18T13:39:59","date_gmt":"2025-08-18T13:39:59","guid":{"rendered":"https:\/\/dobrezrodla.com\/?p=2940"},"modified":"2025-08-18T13:39:59","modified_gmt":"2025-08-18T13:39:59","slug":"nowy-plan-prezydenta-wycieka-do-sieci-tusk-dowiaduje-sie-ostatni","status":"publish","type":"post","link":"https:\/\/dobrezrodla.com\/?p=2940","title":{"rendered":"Nowy plan prezydenta wycieka do sieci \u2013 Tusk dowiaduje si\u0119 ostatni"},"content":{"rendered":"\n<p>Wczesnym rankiem w pi\u0105tek media spo\u0142eczno\u015bciowe obieg\u0142 <strong>tajemniczy dokument<\/strong>, kt\u00f3ry mia\u0142 pochodzi\u0107 z Kancelarii Prezydenta Karola Nawrockiego. Dokument, oznaczony klauzul\u0105 \u201epoufne\u201d, zawiera <strong>szczeg\u00f3\u0142owy plan reform instytucjonalnych<\/strong>, kt\u00f3re \u2013 je\u015bli zostan\u0105 wdro\u017cone \u2013 mog\u0105 <strong>radykalnie zmieni\u0107 uk\u0142ad si\u0142 w pa\u0144stwie<\/strong>.<\/p>\n\n\n\n<h3 class=\"wp-block-heading\">Co zawiera przeciek?<\/h3>\n\n\n\n<p>Wed\u0142ug tre\u015bci udost\u0119pnionej w sieci, plan prezydenta zak\u0142ada:<\/p>\n\n\n\n<ul class=\"wp-block-list\">\n<li>powo\u0142anie <strong>Rady Bezpiecze\u0144stwa Pa\u0144stwowego<\/strong> podleg\u0142ej wy\u0142\u0105cznie prezydentowi,<\/li>\n\n\n\n<li>utworzenie \u201eNarodowego O\u015brodka Polityki Europejskiej\u201d \u2013 jako <strong>alternatywy dla MSZ<\/strong>,<\/li>\n\n\n\n<li>rozszerzenie kompetencji prezydenta w zakresie nominacji s\u0119dziowskich i s\u0142u\u017cb specjalnych,<\/li>\n\n\n\n<li>mo\u017cliwo\u015b\u0107 <strong>zawetowania decyzji rz\u0105du w sprawach kluczowych dla suwerenno\u015bci<\/strong>.<\/li>\n<\/ul>\n\n\n\n<p>Najbardziej szokuj\u0105ce jest jednak to, \u017ce \u2013 jak donosz\u0105 media \u2013 <strong>Donald Tusk nie wiedzia\u0142 o planie<\/strong>, zanim informacje trafi\u0142y do opinii publicznej.<\/p>\n\n\n\n<blockquote class=\"wp-block-quote is-layout-flow wp-block-quote-is-layout-flow\">\n<p><strong>\u2013 Premier by\u0142 zaskoczony. Nie by\u0142o \u017cadnych konsultacji ani zapowiedzi. To policzek \u2013<\/strong> m\u00f3wi jeden z ministr\u00f3w z otoczenia Tuska.<\/p>\n<\/blockquote>\n\n\n\n<h3 class=\"wp-block-heading\">Pa\u0142ac Prezydencki nie zaprzecza<\/h3>\n\n\n\n<p>Rzecznik prezydenta nie potwierdzi\u0142, ale te\u017c <strong>nie zaprzeczy\u0142 autentyczno\u015bci dokumentu<\/strong>. W kr\u00f3tkim o\u015bwiadczeniu pad\u0142o jedynie:<\/p>\n\n\n\n<blockquote class=\"wp-block-quote is-layout-flow wp-block-quote-is-layout-flow\">\n<p><strong>\u2013 Prezydent ma konstytucyjne prawo do inicjatywy politycznej. Szczeg\u00f3\u0142y zostan\u0105 przedstawione w odpowiednim czasie.<\/strong><\/p>\n<\/blockquote>\n\n\n\n<p>Tymczasem Internet a\u017c huczy. Cz\u0119\u015b\u0107 komentator\u00f3w nazywa to <strong>\u201epolskim momentem Macrona\u201d<\/strong>, inni m\u00f3wi\u0105 o <strong>pr\u00f3bie centralizacji w\u0142adzy<\/strong> poza rz\u0105dem.<\/p>\n\n\n\n<hr class=\"wp-block-separator has-alpha-channel-opacity\"\/>\n\n\n\n<h2 class=\"wp-block-heading\">Czy Tusk odpowie?<\/h2>\n\n\n\n<p>Z Kancelarii Premiera p\u0142ynie wyra\u017any przekaz: <strong>\u201ePremier analizuje sytuacj\u0119\u201d<\/strong>. Jednak opozycja ju\u017c oskar\u017ca prezydenta o pr\u00f3b\u0119 podwa\u017cenia zasad demokratycznych. W Sejmie planowane s\u0105 pilne posiedzenia komisji.<\/p>\n\n\n\n<p><strong>Czy Tusk zareaguje ostro? Czy dopu\u015bci do przesuwania w\u0142adzy poza Rad\u0119 Ministr\u00f3w?<\/strong><\/p>\n\n\n\n<p>Na razie milczy. A prezydent\u2026 szykuje kolejne kroki.<\/p>\n","protected":false},"excerpt":{"rendered":"<p>Wczesnym rankiem w pi\u0105tek media spo\u0142eczno\u015bciowe obieg\u0142 tajemniczy dokument, kt\u00f3ry mia\u0142 pochodzi\u0107 z Kancelarii Prezydenta Karola Nawrockiego. Dokument, oznaczony klauzul\u0105 \u201epoufne\u201d, zawiera szczeg\u00f3\u0142owy plan reform instytucjonalnych, kt\u00f3re \u2013 je\u015bli zostan\u0105 wdro\u017cone \u2013 mog\u0105 radykalnie zmieni\u0107 uk\u0142ad si\u0142 w pa\u0144stwie. Co zawiera przeciek? Wed\u0142ug tre\u015bci udost\u0119pnionej w sieci, plan prezydenta zak\u0142ada: Najbardziej szokuj\u0105ce jest jednak to, &#8230; <a title=\"Nowy plan prezydenta wycieka do sieci \u2013 Tusk dowiaduje si\u0119 ostatni\" class=\"read-more\" href=\"https:\/\/dobrezrodla.com\/?p=2940\" aria-label=\"Read more about Nowy plan prezydenta wycieka do sieci \u2013 Tusk dowiaduje si\u0119 ostatni\">Read more<\/a><\/p>\n","protected":false},"author":1,"featured_media":2941,"comment_status":"open","ping_status":"open","sticky":false,"template":"","format":"standard","meta":{"footnotes":""},"categories":[1],"tags":[],"class_list":["post-2940","post","type-post","status-publish","format-standard","has-post-thumbnail","hentry","category-uncategorized"],"_links":{"self":[{"href":"https:\/\/dobrezrodla.com\/index.php?rest_route=\/wp\/v2\/posts\/2940","targetHints":{"allow":["GET"]}}],"collection":[{"href":"https:\/\/dobrezrodla.com\/index.php?rest_route=\/wp\/v2\/posts"}],"about":[{"href":"https:\/\/dobrezrodla.com\/index.php?rest_route=\/wp\/v2\/types\/post"}],"author":[{"embeddable":true,"href":"https:\/\/dobrezrodla.com\/index.php?rest_route=\/wp\/v2\/users\/1"}],"replies":[{"embeddable":true,"href":"https:\/\/dobrezrodla.com\/index.php?rest_route=%2Fwp%2Fv2%2Fcomments&post=2940"}],"version-history":[{"count":1,"href":"https:\/\/dobrezrodla.com\/index.php?rest_route=\/wp\/v2\/posts\/2940\/revisions"}],"predecessor-version":[{"id":2942,"href":"https:\/\/dobrezrodla.com\/index.php?rest_route=\/wp\/v2\/posts\/2940\/revisions\/2942"}],"wp:featuredmedia":[{"embeddable":true,"href":"https:\/\/dobrezrodla.com\/index.php?rest_route=\/wp\/v2\/media\/2941"}],"wp:attachment":[{"href":"https:\/\/dobrezrodla.com\/index.php?rest_route=%2Fwp%2Fv2%2Fmedia&parent=2940"}],"wp:term":[{"taxonomy":"category","embeddable":true,"href":"https:\/\/dobrezrodla.com\/index.php?rest_route=%2Fwp%2Fv2%2Fcategories&post=2940"},{"taxonomy":"post_tag","embeddable":true,"href":"https:\/\/dobrezrodla.com\/index.php?rest_route=%2Fwp%2Fv2%2Ftags&post=2940"}],"curies":[{"name":"wp","href":"https:\/\/api.w.org\/{rel}","templated":true}]}}