{"id":2952,"date":"2025-08-19T16:11:03","date_gmt":"2025-08-19T16:11:03","guid":{"rendered":"https:\/\/dobrezrodla.com\/?p=2952"},"modified":"2025-08-19T16:11:04","modified_gmt":"2025-08-19T16:11:04","slug":"mosbacher-rozczarowana-nieobecnoscia-polski-w-bialym-domu-wskazuje-winnych","status":"publish","type":"post","link":"https:\/\/dobrezrodla.com\/?p=2952","title":{"rendered":"Mosbacher rozczarowana nieobecno\u015bci\u0105 Polski w Bia\u0142ym Domu. Wskazuje winnych"},"content":{"rendered":"\n<p>Georgette Mosbacher, by\u0142a ambasador USA w Polsce, nie kryje zawodu. Podczas szczytu w Bia\u0142ym Domu, w kt\u00f3rym uczestniczyli Donald Trump, Wo\u0142odymyr Ze\u0142enski i liderzy siedmiu europejskich kraj\u00f3w, zabrak\u0142o jednego kluczowego sojusznika \u2013 Polski.<\/p>\n\n\n\n<p>\u2013 By\u0142am rozczarowana, \u017ce prezydent Polski nie pojawi\u0142 si\u0119 w Bia\u0142ym Domu \u2013 stwierdzi\u0142a Mosbacher na antenie Polsat News. Jej zdaniem, za absencj\u0119 odpowiadaj\u0105 przede wszystkim sami Polacy. \u2013 Macie nowego prezydenta, jego administracja dopiero si\u0119 organizuje. Czekali na zaproszenie \u2013 doda\u0142a.<\/p>\n\n\n\n<p>Rz\u0105d i Kancelaria Prezydenta przerzucaj\u0105 si\u0119 odpowiedzialno\u015bci\u0105. MSZ zapewnia, \u017ce to prezydent powinien reprezentowa\u0107 Polsk\u0119 i \u017ce zach\u0119cano go do bardziej zdecydowanej postawy. Tymczasem sam Karol Nawrocki t\u0142umaczy, \u017ce to prezydent Ze\u0142enski decydowa\u0142 o sk\u0142adzie europejskich go\u015bci.<\/p>\n\n\n\n<p>Mimo krytyki, Mosbacher patrzy w przysz\u0142o\u015b\u0107 z optymizmem. Uwa\u017ca, \u017ce spotkanie Nawrockiego z Trumpem zaplanowane na 3 wrze\u015bnia pokazuje si\u0142\u0119 sojuszu polsko-ameryka\u0144skiego. Jej zdaniem Polska nie tylko odzyska, ale wr\u0119cz zwi\u0119kszy swoj\u0105 pozycj\u0119 w regionie \u2013 kosztem innych europejskich graczy.<\/p>\n","protected":false},"excerpt":{"rendered":"<p>Georgette Mosbacher, by\u0142a ambasador USA w Polsce, nie kryje zawodu. Podczas szczytu w Bia\u0142ym Domu, w kt\u00f3rym uczestniczyli Donald Trump, Wo\u0142odymyr Ze\u0142enski i liderzy siedmiu europejskich kraj\u00f3w, zabrak\u0142o jednego kluczowego sojusznika \u2013 Polski. \u2013 By\u0142am rozczarowana, \u017ce prezydent Polski nie pojawi\u0142 si\u0119 w Bia\u0142ym Domu \u2013 stwierdzi\u0142a Mosbacher na antenie Polsat News. Jej zdaniem, za &#8230; <a title=\"Mosbacher rozczarowana nieobecno\u015bci\u0105 Polski w Bia\u0142ym Domu. Wskazuje winnych\" class=\"read-more\" href=\"https:\/\/dobrezrodla.com\/?p=2952\" aria-label=\"Read more about Mosbacher rozczarowana nieobecno\u015bci\u0105 Polski w Bia\u0142ym Domu. Wskazuje winnych\">Read more<\/a><\/p>\n","protected":false},"author":1,"featured_media":2953,"comment_status":"open","ping_status":"open","sticky":false,"template":"","format":"standard","meta":{"footnotes":""},"categories":[1],"tags":[],"class_list":["post-2952","post","type-post","status-publish","format-standard","has-post-thumbnail","hentry","category-uncategorized"],"_links":{"self":[{"href":"https:\/\/dobrezrodla.com\/index.php?rest_route=\/wp\/v2\/posts\/2952","targetHints":{"allow":["GET"]}}],"collection":[{"href":"https:\/\/dobrezrodla.com\/index.php?rest_route=\/wp\/v2\/posts"}],"about":[{"href":"https:\/\/dobrezrodla.com\/index.php?rest_route=\/wp\/v2\/types\/post"}],"author":[{"embeddable":true,"href":"https:\/\/dobrezrodla.com\/index.php?rest_route=\/wp\/v2\/users\/1"}],"replies":[{"embeddable":true,"href":"https:\/\/dobrezrodla.com\/index.php?rest_route=%2Fwp%2Fv2%2Fcomments&post=2952"}],"version-history":[{"count":1,"href":"https:\/\/dobrezrodla.com\/index.php?rest_route=\/wp\/v2\/posts\/2952\/revisions"}],"predecessor-version":[{"id":2954,"href":"https:\/\/dobrezrodla.com\/index.php?rest_route=\/wp\/v2\/posts\/2952\/revisions\/2954"}],"wp:featuredmedia":[{"embeddable":true,"href":"https:\/\/dobrezrodla.com\/index.php?rest_route=\/wp\/v2\/media\/2953"}],"wp:attachment":[{"href":"https:\/\/dobrezrodla.com\/index.php?rest_route=%2Fwp%2Fv2%2Fmedia&parent=2952"}],"wp:term":[{"taxonomy":"category","embeddable":true,"href":"https:\/\/dobrezrodla.com\/index.php?rest_route=%2Fwp%2Fv2%2Fcategories&post=2952"},{"taxonomy":"post_tag","embeddable":true,"href":"https:\/\/dobrezrodla.com\/index.php?rest_route=%2Fwp%2Fv2%2Ftags&post=2952"}],"curies":[{"name":"wp","href":"https:\/\/api.w.org\/{rel}","templated":true}]}}