{"id":2964,"date":"2025-08-19T16:16:59","date_gmt":"2025-08-19T16:16:59","guid":{"rendered":"https:\/\/dobrezrodla.com\/?p=2964"},"modified":"2025-08-19T16:17:00","modified_gmt":"2025-08-19T16:17:00","slug":"polski-prezydent-nie-pojawil-sie-w-waszyngtonie-politycy-nie-gryza-sie-w-jezyk","status":"publish","type":"post","link":"https:\/\/dobrezrodla.com\/?p=2964","title":{"rendered":"Polski prezydent nie pojawi\u0142 si\u0119 w Waszyngtonie. Politycy nie gryz\u0105 si\u0119 w j\u0119zyk"},"content":{"rendered":"\n<p>Gdy \u015bwiatowe kamery skierowane by\u0142y na Bia\u0142y Dom i spotkanie Donalda Trumpa z Wo\u0142odymyrem Ze\u0142enskim oraz europejskimi liderami, jedno pytanie powraca\u0142o jak echo: gdzie jest Polska?<\/p>\n\n\n\n<p>Zamiast w\u015br\u00f3d sojusznik\u00f3w, prezydent Karol Nawrocki pozosta\u0142 w kraju. Jego rzecznik t\u0142umaczy, \u017ce kluczowe rozmowy odb\u0119d\u0105 si\u0119 3 wrze\u015bnia, gdy Nawrocki spotka si\u0119 z Trumpem w cztery oczy. \u2013 To b\u0119dzie wa\u017cniejsze z punktu widzenia Polski \u2013 przekonywa\u0142.<\/p>\n\n\n\n<p>Nie wszyscy jednak kupuj\u0105 t\u0119 narracj\u0119. \u2013 Wszyscy wiemy, \u017ce tak nie jest \u2013 powiedzia\u0142 senator Polski 2050 Piotr Mas\u0142owski. Jego zdaniem to w\u0142a\u015bnie teraz mog\u0105 zapa\u015b\u0107 prze\u0142omowe decyzje w sprawie pokoju w Europie. Doda\u0142 jednak, \u017ce bardziej ni\u017c realnych ustale\u0144 spodziewa si\u0119 &#8220;gry Trumpa o pokojowego Nobla&#8221;.<\/p>\n\n\n\n<p>Z kolei pose\u0142 PiS Zbigniew Ku\u017amiuk twierdzi, \u017ce Polska celowo nie uczestniczy\u0142a w szczycie, bo&#8230; nie chce wysy\u0142a\u0107 \u017co\u0142nierzy na Ukrain\u0119. \u2013 Prezydent Nawrocki nigdy si\u0119 na to nie zgodzi \u2013 przypomnia\u0142.<\/p>\n\n\n\n<p>Sp\u00f3r, kto powinien reprezentowa\u0107 Polsk\u0119 na arenie mi\u0119dzynarodowej \u2013 rz\u0105d czy prezydent \u2013 trwa. A czas ucieka.<\/p>\n","protected":false},"excerpt":{"rendered":"<p>Gdy \u015bwiatowe kamery skierowane by\u0142y na Bia\u0142y Dom i spotkanie Donalda Trumpa z Wo\u0142odymyrem Ze\u0142enskim oraz europejskimi liderami, jedno pytanie powraca\u0142o jak echo: gdzie jest Polska? Zamiast w\u015br\u00f3d sojusznik\u00f3w, prezydent Karol Nawrocki pozosta\u0142 w kraju. Jego rzecznik t\u0142umaczy, \u017ce kluczowe rozmowy odb\u0119d\u0105 si\u0119 3 wrze\u015bnia, gdy Nawrocki spotka si\u0119 z Trumpem w cztery oczy. \u2013 &#8230; <a title=\"Polski prezydent nie pojawi\u0142 si\u0119 w Waszyngtonie. Politycy nie gryz\u0105 si\u0119 w j\u0119zyk\" class=\"read-more\" href=\"https:\/\/dobrezrodla.com\/?p=2964\" aria-label=\"Read more about Polski prezydent nie pojawi\u0142 si\u0119 w Waszyngtonie. Politycy nie gryz\u0105 si\u0119 w j\u0119zyk\">Read more<\/a><\/p>\n","protected":false},"author":1,"featured_media":2965,"comment_status":"open","ping_status":"open","sticky":false,"template":"","format":"standard","meta":{"footnotes":""},"categories":[1],"tags":[],"class_list":["post-2964","post","type-post","status-publish","format-standard","has-post-thumbnail","hentry","category-uncategorized"],"_links":{"self":[{"href":"https:\/\/dobrezrodla.com\/index.php?rest_route=\/wp\/v2\/posts\/2964","targetHints":{"allow":["GET"]}}],"collection":[{"href":"https:\/\/dobrezrodla.com\/index.php?rest_route=\/wp\/v2\/posts"}],"about":[{"href":"https:\/\/dobrezrodla.com\/index.php?rest_route=\/wp\/v2\/types\/post"}],"author":[{"embeddable":true,"href":"https:\/\/dobrezrodla.com\/index.php?rest_route=\/wp\/v2\/users\/1"}],"replies":[{"embeddable":true,"href":"https:\/\/dobrezrodla.com\/index.php?rest_route=%2Fwp%2Fv2%2Fcomments&post=2964"}],"version-history":[{"count":1,"href":"https:\/\/dobrezrodla.com\/index.php?rest_route=\/wp\/v2\/posts\/2964\/revisions"}],"predecessor-version":[{"id":2966,"href":"https:\/\/dobrezrodla.com\/index.php?rest_route=\/wp\/v2\/posts\/2964\/revisions\/2966"}],"wp:featuredmedia":[{"embeddable":true,"href":"https:\/\/dobrezrodla.com\/index.php?rest_route=\/wp\/v2\/media\/2965"}],"wp:attachment":[{"href":"https:\/\/dobrezrodla.com\/index.php?rest_route=%2Fwp%2Fv2%2Fmedia&parent=2964"}],"wp:term":[{"taxonomy":"category","embeddable":true,"href":"https:\/\/dobrezrodla.com\/index.php?rest_route=%2Fwp%2Fv2%2Fcategories&post=2964"},{"taxonomy":"post_tag","embeddable":true,"href":"https:\/\/dobrezrodla.com\/index.php?rest_route=%2Fwp%2Fv2%2Ftags&post=2964"}],"curies":[{"name":"wp","href":"https:\/\/api.w.org\/{rel}","templated":true}]}}