{"id":2967,"date":"2025-08-19T16:19:40","date_gmt":"2025-08-19T16:19:40","guid":{"rendered":"https:\/\/dobrezrodla.com\/?p=2967"},"modified":"2025-08-19T16:19:40","modified_gmt":"2025-08-19T16:19:40","slug":"robert-bakiewicz-oskarzony-o-zniewazenie-funkcjonariuszy-poszlo-o-jedno-slowo","status":"publish","type":"post","link":"https:\/\/dobrezrodla.com\/?p=2967","title":{"rendered":"Robert B\u0105kiewicz oskar\u017cony o zniewa\u017cenie funkcjonariuszy. Posz\u0142o o jedno s\u0142owo"},"content":{"rendered":"\n<p>Robert B\u0105kiewicz, znany dzia\u0142acz \u015brodowisk narodowych i tw\u00f3rca tzw. Ruchu Obrony Granic, us\u0142ysza\u0142 zarzut zniewa\u017cenia s\u0142u\u017cb mundurowych. Wszystko przez incydent z ko\u0144ca czerwca na mo\u015bcie granicznym w S\u0142ubicach, gdzie \u2013 wed\u0142ug prokuratury \u2013 publicznie nazwa\u0142 funkcjonariuszy \u201ezdrajcami\u201d.<\/p>\n\n\n\n<p>Zarzuty dotycz\u0105 dw\u00f3ch funkcjonariuszy Stra\u017cy Granicznej i dw\u00f3ch przedstawicielek \u017bandarmerii Wojskowej, kt\u00f3rzy pe\u0142nili s\u0142u\u017cb\u0119 w tym rejonie. B\u0105kiewicz, przes\u0142uchany w gorzowskiej prokuraturze, odm\u00f3wi\u0142 sk\u0142adania wyja\u015bnie\u0144, cho\u0107 zapowiedzia\u0142, \u017ce zrobi to po zapoznaniu si\u0119 z materia\u0142em dowodowym.<\/p>\n\n\n\n<p>Prokuratura na\u0142o\u017cy\u0142a na niego doz\u00f3r policyjny, zakaz opuszczania miejsca pobytu bez zg\u0142oszenia i\u2026 zakaz zbli\u017cania si\u0119 do granicy polsko-niemieckiej na mniej ni\u017c kilometr.<\/p>\n\n\n\n<p>Sam B\u0105kiewicz nie pozostawi\u0142 tego bez komentarza. \u2013 Mamy milcze\u0107 i nie broni\u0107 w\u0142asnej ojczyzny przed masow\u0105 migracj\u0105 \u2013 m\u00f3wi\u0142 po wyj\u015bciu z s\u0105du. Zapowiedzia\u0142 r\u00f3wnie\u017c dzia\u0142ania prawne przeciwko tym, kt\u00f3rych oskar\u017ca o &#8220;fa\u0142szywe zarzuty&#8221;.<\/p>\n\n\n\n<p>Za zniewa\u017cenie funkcjonariuszy grozi kara grzywny, ograniczenia wolno\u015bci lub do roku wi\u0119zienia. \u015aledztwo nadzoruje Prokuratura Regionalna w Szczecinie.<\/p>\n","protected":false},"excerpt":{"rendered":"<p>Robert B\u0105kiewicz, znany dzia\u0142acz \u015brodowisk narodowych i tw\u00f3rca tzw. Ruchu Obrony Granic, us\u0142ysza\u0142 zarzut zniewa\u017cenia s\u0142u\u017cb mundurowych. Wszystko przez incydent z ko\u0144ca czerwca na mo\u015bcie granicznym w S\u0142ubicach, gdzie \u2013 wed\u0142ug prokuratury \u2013 publicznie nazwa\u0142 funkcjonariuszy \u201ezdrajcami\u201d. Zarzuty dotycz\u0105 dw\u00f3ch funkcjonariuszy Stra\u017cy Granicznej i dw\u00f3ch przedstawicielek \u017bandarmerii Wojskowej, kt\u00f3rzy pe\u0142nili s\u0142u\u017cb\u0119 w tym rejonie. B\u0105kiewicz, &#8230; <a title=\"Robert B\u0105kiewicz oskar\u017cony o zniewa\u017cenie funkcjonariuszy. Posz\u0142o o jedno s\u0142owo\" class=\"read-more\" href=\"https:\/\/dobrezrodla.com\/?p=2967\" aria-label=\"Read more about Robert B\u0105kiewicz oskar\u017cony o zniewa\u017cenie funkcjonariuszy. Posz\u0142o o jedno s\u0142owo\">Read more<\/a><\/p>\n","protected":false},"author":1,"featured_media":2968,"comment_status":"open","ping_status":"open","sticky":false,"template":"","format":"standard","meta":{"footnotes":""},"categories":[1],"tags":[],"class_list":["post-2967","post","type-post","status-publish","format-standard","has-post-thumbnail","hentry","category-uncategorized"],"_links":{"self":[{"href":"https:\/\/dobrezrodla.com\/index.php?rest_route=\/wp\/v2\/posts\/2967","targetHints":{"allow":["GET"]}}],"collection":[{"href":"https:\/\/dobrezrodla.com\/index.php?rest_route=\/wp\/v2\/posts"}],"about":[{"href":"https:\/\/dobrezrodla.com\/index.php?rest_route=\/wp\/v2\/types\/post"}],"author":[{"embeddable":true,"href":"https:\/\/dobrezrodla.com\/index.php?rest_route=\/wp\/v2\/users\/1"}],"replies":[{"embeddable":true,"href":"https:\/\/dobrezrodla.com\/index.php?rest_route=%2Fwp%2Fv2%2Fcomments&post=2967"}],"version-history":[{"count":1,"href":"https:\/\/dobrezrodla.com\/index.php?rest_route=\/wp\/v2\/posts\/2967\/revisions"}],"predecessor-version":[{"id":2969,"href":"https:\/\/dobrezrodla.com\/index.php?rest_route=\/wp\/v2\/posts\/2967\/revisions\/2969"}],"wp:featuredmedia":[{"embeddable":true,"href":"https:\/\/dobrezrodla.com\/index.php?rest_route=\/wp\/v2\/media\/2968"}],"wp:attachment":[{"href":"https:\/\/dobrezrodla.com\/index.php?rest_route=%2Fwp%2Fv2%2Fmedia&parent=2967"}],"wp:term":[{"taxonomy":"category","embeddable":true,"href":"https:\/\/dobrezrodla.com\/index.php?rest_route=%2Fwp%2Fv2%2Fcategories&post=2967"},{"taxonomy":"post_tag","embeddable":true,"href":"https:\/\/dobrezrodla.com\/index.php?rest_route=%2Fwp%2Fv2%2Ftags&post=2967"}],"curies":[{"name":"wp","href":"https:\/\/api.w.org\/{rel}","templated":true}]}}