{"id":2970,"date":"2025-08-19T16:20:22","date_gmt":"2025-08-19T16:20:22","guid":{"rendered":"https:\/\/dobrezrodla.com\/?p=2970"},"modified":"2025-08-19T16:20:23","modified_gmt":"2025-08-19T16:20:23","slug":"nawrocki-nie-polecial-do-usa-tlumaczy-sie-i-apeluje-o-spokoj","status":"publish","type":"post","link":"https:\/\/dobrezrodla.com\/?p=2970","title":{"rendered":"Nawrocki nie polecia\u0142 do USA. T\u0142umaczy si\u0119 i apeluje o spok\u00f3j"},"content":{"rendered":"\n<p>Podczas gdy \u015bwiatowi przyw\u00f3dcy zbieraj\u0105 si\u0119 w Waszyngtonie na rozmowy o przysz\u0142o\u015bci Ukrainy, Polski przy stole zn\u00f3w zabraknie. Prezydent Karol Nawrocki og\u0142osi\u0142, \u017ce nie poleci na szczyt z udzia\u0142em Donalda Trumpa i Wo\u0142odymyra Ze\u0142enskiego. W zamian \u2013 poprosi\u0142 o \u201espok\u00f3j i rozwag\u0119\u201d.<\/p>\n\n\n\n<p>Rzecznik prezydenta poinformowa\u0142, \u017ce Nawrocki skupia si\u0119 na \u201epriorytetowych\u201d przygotowaniach do swojej wizyty w USA zaplanowanej na 3 wrze\u015bnia. To wtedy ma spotka\u0107 si\u0119 z Trumpem osobi\u015bcie, by rozmawia\u0107 m.in. o bezpiecze\u0144stwie Polski i wojnie w Ukrainie.<\/p>\n\n\n\n<p>Rz\u0105d przekonywa\u0142 wcze\u015bniej, \u017ce to w\u0142a\u015bnie prezydent powinien reprezentowa\u0107 Polsk\u0119 na spotkaniach z USA. Mimo tego, dzi\u015b nie polecia\u0142 nikt.<\/p>\n\n\n\n<p>Nawrocki przypomnia\u0142, \u017ce uczestniczy\u0142 w wideokonferencji z Trumpem i liderami europejskimi tydzie\u0144 wcze\u015bniej, gdzie \u2013 jak zapewni\u0142 \u2013 \u201ejasno przedstawi\u0142 stanowisko Polski\u201d w sprawie zagro\u017cenia ze strony Putina. Stwierdzi\u0142 r\u00f3wnie\u017c, \u017ce to sam Ze\u0142enski decydowa\u0142, kogo zaprasza na dzisiejsze rozmowy.<\/p>\n\n\n\n<p>\u2013 Nie czas na polityczne emocje. Tu chodzi o interes pa\u0144stwa \u2013 podkre\u015bli\u0142 Nawrocki, deklaruj\u0105c jednocze\u015bnie pe\u0142n\u0105 wsp\u00f3\u0142prac\u0119 z premierem Donaldem Tuskiem.<\/p>\n","protected":false},"excerpt":{"rendered":"<p>Podczas gdy \u015bwiatowi przyw\u00f3dcy zbieraj\u0105 si\u0119 w Waszyngtonie na rozmowy o przysz\u0142o\u015bci Ukrainy, Polski przy stole zn\u00f3w zabraknie. Prezydent Karol Nawrocki og\u0142osi\u0142, \u017ce nie poleci na szczyt z udzia\u0142em Donalda Trumpa i Wo\u0142odymyra Ze\u0142enskiego. W zamian \u2013 poprosi\u0142 o \u201espok\u00f3j i rozwag\u0119\u201d. Rzecznik prezydenta poinformowa\u0142, \u017ce Nawrocki skupia si\u0119 na \u201epriorytetowych\u201d przygotowaniach do swojej wizyty &#8230; <a title=\"Nawrocki nie polecia\u0142 do USA. T\u0142umaczy si\u0119 i apeluje o spok\u00f3j\" class=\"read-more\" href=\"https:\/\/dobrezrodla.com\/?p=2970\" aria-label=\"Read more about Nawrocki nie polecia\u0142 do USA. T\u0142umaczy si\u0119 i apeluje o spok\u00f3j\">Read more<\/a><\/p>\n","protected":false},"author":1,"featured_media":2971,"comment_status":"open","ping_status":"open","sticky":false,"template":"","format":"standard","meta":{"footnotes":""},"categories":[1],"tags":[],"class_list":["post-2970","post","type-post","status-publish","format-standard","has-post-thumbnail","hentry","category-uncategorized"],"_links":{"self":[{"href":"https:\/\/dobrezrodla.com\/index.php?rest_route=\/wp\/v2\/posts\/2970","targetHints":{"allow":["GET"]}}],"collection":[{"href":"https:\/\/dobrezrodla.com\/index.php?rest_route=\/wp\/v2\/posts"}],"about":[{"href":"https:\/\/dobrezrodla.com\/index.php?rest_route=\/wp\/v2\/types\/post"}],"author":[{"embeddable":true,"href":"https:\/\/dobrezrodla.com\/index.php?rest_route=\/wp\/v2\/users\/1"}],"replies":[{"embeddable":true,"href":"https:\/\/dobrezrodla.com\/index.php?rest_route=%2Fwp%2Fv2%2Fcomments&post=2970"}],"version-history":[{"count":1,"href":"https:\/\/dobrezrodla.com\/index.php?rest_route=\/wp\/v2\/posts\/2970\/revisions"}],"predecessor-version":[{"id":2972,"href":"https:\/\/dobrezrodla.com\/index.php?rest_route=\/wp\/v2\/posts\/2970\/revisions\/2972"}],"wp:featuredmedia":[{"embeddable":true,"href":"https:\/\/dobrezrodla.com\/index.php?rest_route=\/wp\/v2\/media\/2971"}],"wp:attachment":[{"href":"https:\/\/dobrezrodla.com\/index.php?rest_route=%2Fwp%2Fv2%2Fmedia&parent=2970"}],"wp:term":[{"taxonomy":"category","embeddable":true,"href":"https:\/\/dobrezrodla.com\/index.php?rest_route=%2Fwp%2Fv2%2Fcategories&post=2970"},{"taxonomy":"post_tag","embeddable":true,"href":"https:\/\/dobrezrodla.com\/index.php?rest_route=%2Fwp%2Fv2%2Ftags&post=2970"}],"curies":[{"name":"wp","href":"https:\/\/api.w.org\/{rel}","templated":true}]}}