{"id":2985,"date":"2025-08-19T16:25:07","date_gmt":"2025-08-19T16:25:07","guid":{"rendered":"https:\/\/dobrezrodla.com\/?p=2985"},"modified":"2025-08-19T16:25:07","modified_gmt":"2025-08-19T16:25:07","slug":"brak-polski-w-waszyngtonie-rzecznik-prezydenta-przerzuca-wine-na-rzad","status":"publish","type":"post","link":"https:\/\/dobrezrodla.com\/?p=2985","title":{"rendered":"Brak Polski w Waszyngtonie? Rzecznik prezydenta przerzuca win\u0119 na rz\u0105d"},"content":{"rendered":"\n<p>Polska zn\u00f3w nieobecna przy negocjacyjnym stole w Bia\u0142ym Domu. Gdy \u015bwiatowi liderzy rozmawiaj\u0105 o przysz\u0142o\u015bci Ukrainy, przedstawiciela naszego kraju&#8230; brak. Prezydent nie polecia\u0142, rz\u0105d r\u00f3wnie\u017c nie wys\u0142a\u0142 nikogo. A teraz trwa wzajemne obwinianie si\u0119 o ten dyplomatyczny blama\u017c.<\/p>\n\n\n\n<p>Rzecznik prezydenta Karola Nawrockiego, Rafa\u0142 Le\u015bkiewicz, uderzy\u0142 w rz\u0105d Donalda Tuska. \u2013 Format \u201ekoalicji ch\u0119tnych\u201d, kt\u00f3ry spotyka si\u0119 dzi\u015b w Waszyngtonie, to konsekwencja wcze\u015bniejszych ustale\u0144, w kt\u00f3rych uczestniczyli przedstawiciele rz\u0105du \u2013 stwierdzi\u0142 w rozmowie z PAP.<\/p>\n\n\n\n<p>Le\u015bkiewicz zapowiedzia\u0142, \u017ce 3 wrze\u015bnia prezydent Nawrocki spotka si\u0119 z Donaldem Trumpem osobi\u015bcie, a g\u0142\u00f3wnym tematem b\u0119d\u0105 kwestie bezpiecze\u0144stwa i sytuacja w Ukrainie.<\/p>\n\n\n\n<p>Prezydencka kancelaria podkre\u015bla, \u017ce Nawrocki rozmawia\u0142 z Trumpem ju\u017c dwukrotnie w ostatnich dniach \u2013 przed i po spotkaniu z Putinem na Alasce. W wideokonferencjach uczestniczyli te\u017c europejscy liderzy oraz sekretarz generalny NATO Mark Rutte.<\/p>\n\n\n\n<p>S\u0142owa rzecznika s\u0105 jasnym sygna\u0142em: pa\u0142ac prezydencki uwa\u017ca, \u017ce to rz\u0105d Tuska powinien by\u0142 zadba\u0107 o obecno\u015b\u0107 Polski w Waszyngtonie. Konflikt o dyplomatyczn\u0105 reprezentacj\u0119 kraju w\u0142a\u015bnie wszed\u0142 na nowy poziom.<\/p>\n","protected":false},"excerpt":{"rendered":"<p>Polska zn\u00f3w nieobecna przy negocjacyjnym stole w Bia\u0142ym Domu. Gdy \u015bwiatowi liderzy rozmawiaj\u0105 o przysz\u0142o\u015bci Ukrainy, przedstawiciela naszego kraju&#8230; brak. Prezydent nie polecia\u0142, rz\u0105d r\u00f3wnie\u017c nie wys\u0142a\u0142 nikogo. A teraz trwa wzajemne obwinianie si\u0119 o ten dyplomatyczny blama\u017c. Rzecznik prezydenta Karola Nawrockiego, Rafa\u0142 Le\u015bkiewicz, uderzy\u0142 w rz\u0105d Donalda Tuska. \u2013 Format \u201ekoalicji ch\u0119tnych\u201d, kt\u00f3ry spotyka &#8230; <a title=\"Brak Polski w Waszyngtonie? Rzecznik prezydenta przerzuca win\u0119 na rz\u0105d\" class=\"read-more\" href=\"https:\/\/dobrezrodla.com\/?p=2985\" aria-label=\"Read more about Brak Polski w Waszyngtonie? Rzecznik prezydenta przerzuca win\u0119 na rz\u0105d\">Read more<\/a><\/p>\n","protected":false},"author":1,"featured_media":2986,"comment_status":"open","ping_status":"open","sticky":false,"template":"","format":"standard","meta":{"footnotes":""},"categories":[1],"tags":[],"class_list":["post-2985","post","type-post","status-publish","format-standard","has-post-thumbnail","hentry","category-uncategorized"],"_links":{"self":[{"href":"https:\/\/dobrezrodla.com\/index.php?rest_route=\/wp\/v2\/posts\/2985","targetHints":{"allow":["GET"]}}],"collection":[{"href":"https:\/\/dobrezrodla.com\/index.php?rest_route=\/wp\/v2\/posts"}],"about":[{"href":"https:\/\/dobrezrodla.com\/index.php?rest_route=\/wp\/v2\/types\/post"}],"author":[{"embeddable":true,"href":"https:\/\/dobrezrodla.com\/index.php?rest_route=\/wp\/v2\/users\/1"}],"replies":[{"embeddable":true,"href":"https:\/\/dobrezrodla.com\/index.php?rest_route=%2Fwp%2Fv2%2Fcomments&post=2985"}],"version-history":[{"count":1,"href":"https:\/\/dobrezrodla.com\/index.php?rest_route=\/wp\/v2\/posts\/2985\/revisions"}],"predecessor-version":[{"id":2987,"href":"https:\/\/dobrezrodla.com\/index.php?rest_route=\/wp\/v2\/posts\/2985\/revisions\/2987"}],"wp:featuredmedia":[{"embeddable":true,"href":"https:\/\/dobrezrodla.com\/index.php?rest_route=\/wp\/v2\/media\/2986"}],"wp:attachment":[{"href":"https:\/\/dobrezrodla.com\/index.php?rest_route=%2Fwp%2Fv2%2Fmedia&parent=2985"}],"wp:term":[{"taxonomy":"category","embeddable":true,"href":"https:\/\/dobrezrodla.com\/index.php?rest_route=%2Fwp%2Fv2%2Fcategories&post=2985"},{"taxonomy":"post_tag","embeddable":true,"href":"https:\/\/dobrezrodla.com\/index.php?rest_route=%2Fwp%2Fv2%2Ftags&post=2985"}],"curies":[{"name":"wp","href":"https:\/\/api.w.org\/{rel}","templated":true}]}}