{"id":3004,"date":"2025-08-20T08:18:52","date_gmt":"2025-08-20T08:18:52","guid":{"rendered":"https:\/\/dobrezrodla.com\/?p=3004"},"modified":"2025-08-20T08:18:53","modified_gmt":"2025-08-20T08:18:53","slug":"donald-tusk-apeluje-o-spokoj-i-cierpliwosc-co-sie-dzieje-miedzy-premierem-a-prezydentem","status":"publish","type":"post","link":"https:\/\/dobrezrodla.com\/?p=3004","title":{"rendered":"Donald Tusk apeluje o spok\u00f3j i cierpliwo\u015b\u0107. Co si\u0119 dzieje mi\u0119dzy premierem a prezydentem?"},"content":{"rendered":"\n<p> W cieniu wa\u017cnych rozm\u00f3w o Ukrainie i braku polskiego przedstawiciela w Waszyngtonie, premier Donald Tusk zabra\u0142 g\u0142os. W emocjonalnym wpisie na platformie X zaapelowa\u0142 o czas dla prezydenta Karola Nawrockiego i jego zespo\u0142u. \u201ePierwsze koty za p\u0142oty. Polska na zewn\u0105trz wymaga jednolitego dzia\u0142ania i wsp\u00f3\u0142pracy wszystkich instytucji pa\u0144stwowych\u201d \u2013 napisa\u0142.<\/p>\n\n\n\n<p>Cho\u0107 w ostatnich tygodniach obaj \u2013 Tusk i Nawrocki \u2013 wsp\u00f3lnie rozmawiali z partnerami mi\u0119dzynarodowymi, to podczas kluczowego spotkania w Bia\u0142ym Domu zabrak\u0142o reprezentanta Polski. Jak t\u0142umaczy\u0142 rzecznik rz\u0105du Adam Sz\u0142apka, to prezydent ma prowadzi\u0107 rozmowy z Amerykanami \u2013 taka by\u0142a wsp\u00f3lna decyzja po ich spotkaniu.<\/p>\n\n\n\n<p>Nawrocki uczestniczy\u0142 w ostatniej wideokonferencji z Donaldem Trumpem, co wed\u0142ug obozu rz\u0105dowego potwierdza jego rol\u0119 w kluczowych rozmowach. Jednak nieobecno\u015b\u0107 Polski w Waszyngtonie wywo\u0142a\u0142a poruszenie i pytania o sp\u00f3jno\u015b\u0107 dzia\u0142a\u0144 pa\u0144stwa.<\/p>\n\n\n\n<p>Tusk tonuje emocje, ale obserwatorzy polityczni ju\u017c zadaj\u0105 pytanie: czy za tym wszystkim kryje si\u0119 wi\u0119cej, ni\u017c premier m\u00f3wi oficjalnie?<\/p>\n","protected":false},"excerpt":{"rendered":"<p>W cieniu wa\u017cnych rozm\u00f3w o Ukrainie i braku polskiego przedstawiciela w Waszyngtonie, premier Donald Tusk zabra\u0142 g\u0142os. W emocjonalnym wpisie na platformie X zaapelowa\u0142 o czas dla prezydenta Karola Nawrockiego i jego zespo\u0142u. \u201ePierwsze koty za p\u0142oty. Polska na zewn\u0105trz wymaga jednolitego dzia\u0142ania i wsp\u00f3\u0142pracy wszystkich instytucji pa\u0144stwowych\u201d \u2013 napisa\u0142. Cho\u0107 w ostatnich tygodniach obaj &#8230; <a title=\"Donald Tusk apeluje o spok\u00f3j i cierpliwo\u015b\u0107. Co si\u0119 dzieje mi\u0119dzy premierem a prezydentem?\" class=\"read-more\" href=\"https:\/\/dobrezrodla.com\/?p=3004\" aria-label=\"Read more about Donald Tusk apeluje o spok\u00f3j i cierpliwo\u015b\u0107. Co si\u0119 dzieje mi\u0119dzy premierem a prezydentem?\">Read more<\/a><\/p>\n","protected":false},"author":1,"featured_media":3005,"comment_status":"open","ping_status":"open","sticky":false,"template":"","format":"standard","meta":{"footnotes":""},"categories":[1],"tags":[],"class_list":["post-3004","post","type-post","status-publish","format-standard","has-post-thumbnail","hentry","category-uncategorized"],"_links":{"self":[{"href":"https:\/\/dobrezrodla.com\/index.php?rest_route=\/wp\/v2\/posts\/3004","targetHints":{"allow":["GET"]}}],"collection":[{"href":"https:\/\/dobrezrodla.com\/index.php?rest_route=\/wp\/v2\/posts"}],"about":[{"href":"https:\/\/dobrezrodla.com\/index.php?rest_route=\/wp\/v2\/types\/post"}],"author":[{"embeddable":true,"href":"https:\/\/dobrezrodla.com\/index.php?rest_route=\/wp\/v2\/users\/1"}],"replies":[{"embeddable":true,"href":"https:\/\/dobrezrodla.com\/index.php?rest_route=%2Fwp%2Fv2%2Fcomments&post=3004"}],"version-history":[{"count":1,"href":"https:\/\/dobrezrodla.com\/index.php?rest_route=\/wp\/v2\/posts\/3004\/revisions"}],"predecessor-version":[{"id":3006,"href":"https:\/\/dobrezrodla.com\/index.php?rest_route=\/wp\/v2\/posts\/3004\/revisions\/3006"}],"wp:featuredmedia":[{"embeddable":true,"href":"https:\/\/dobrezrodla.com\/index.php?rest_route=\/wp\/v2\/media\/3005"}],"wp:attachment":[{"href":"https:\/\/dobrezrodla.com\/index.php?rest_route=%2Fwp%2Fv2%2Fmedia&parent=3004"}],"wp:term":[{"taxonomy":"category","embeddable":true,"href":"https:\/\/dobrezrodla.com\/index.php?rest_route=%2Fwp%2Fv2%2Fcategories&post=3004"},{"taxonomy":"post_tag","embeddable":true,"href":"https:\/\/dobrezrodla.com\/index.php?rest_route=%2Fwp%2Fv2%2Ftags&post=3004"}],"curies":[{"name":"wp","href":"https:\/\/api.w.org\/{rel}","templated":true}]}}