{"id":3010,"date":"2025-08-20T08:20:36","date_gmt":"2025-08-20T08:20:36","guid":{"rendered":"https:\/\/dobrezrodla.com\/?p=3010"},"modified":"2025-08-20T08:20:37","modified_gmt":"2025-08-20T08:20:37","slug":"polska-pominieta-w-bialym-domu-kto-zawinil-trwa-goraca-wojna-na-slowa","status":"publish","type":"post","link":"https:\/\/dobrezrodla.com\/?p=3010","title":{"rendered":"Polska pomini\u0119ta w Bia\u0142ym Domu. Kto zawini\u0142? Trwa gor\u0105ca wojna na s\u0142owa"},"content":{"rendered":"\n<p>Zabrak\u0142o polskiego przedstawiciela przy jednym z najwa\u017cniejszych sto\u0142\u00f3w politycznych ostatnich miesi\u0119cy \u2013 spotkaniu Donalda Trumpa z Wo\u0142odymyrem Ze\u0142enskim i europejskimi liderami w Bia\u0142ym Domu. W tle: chaos, niedom\u00f3wienia i wzajemne oskar\u017cenia prezydenta i rz\u0105du.<\/p>\n\n\n\n<p>Prezydent Karol Nawrocki t\u0142umaczy, \u017ce przygotowuje si\u0119 do wizyty 3 wrze\u015bnia, podczas kt\u00f3rej spotka si\u0119 z Donaldem Trumpem \u201esam na sam\u201d \u2013 jako jedyny z europejskich przyw\u00f3dc\u00f3w. Rz\u0105d odpowiada: \u201enie zg\u0142osili\u015bcie ch\u0119ci uczestnictwa w spotkaniu\u201d. MSZ i Kancelaria Prezydenta przerzucaj\u0105 si\u0119 win\u0105, kto kogo nie poinformowa\u0142 i kto kiedy milcza\u0142.<\/p>\n\n\n\n<p>Rzecznik rz\u0105du Adam Sz\u0142apka zapewnia, \u017ce premier Donald Tusk i minister Rados\u0142aw Sikorski dzia\u0142ali zgodnie z konstytucj\u0105. Tymczasem ob\u00f3z prezydencki zarzuca rz\u0105dowi brak komunikacji. Padaj\u0105 mocne s\u0142owa o \u201eok\u0142amywaniu opinii publicznej\u201d i braku dobrej woli. Sam Tusk komentuje, \u017ce respektuje preferencje Amerykan\u00f3w, by w relacjach z Polsk\u0105 stawia\u0107 na prezydenta.<\/p>\n\n\n\n<p>W tle tej batalii \u2013 sprawa presti\u017cu, wp\u0142yw\u00f3w i reprezentacji Polski na arenie mi\u0119dzynarodowej. Czy to tylko chwilowy zgrzyt, czy pocz\u0105tek g\u0142\u0119bszego kryzysu w relacjach pomi\u0119dzy rz\u0105dem a Pa\u0142acem Prezydenckim?<\/p>\n","protected":false},"excerpt":{"rendered":"<p>Zabrak\u0142o polskiego przedstawiciela przy jednym z najwa\u017cniejszych sto\u0142\u00f3w politycznych ostatnich miesi\u0119cy \u2013 spotkaniu Donalda Trumpa z Wo\u0142odymyrem Ze\u0142enskim i europejskimi liderami w Bia\u0142ym Domu. W tle: chaos, niedom\u00f3wienia i wzajemne oskar\u017cenia prezydenta i rz\u0105du. Prezydent Karol Nawrocki t\u0142umaczy, \u017ce przygotowuje si\u0119 do wizyty 3 wrze\u015bnia, podczas kt\u00f3rej spotka si\u0119 z Donaldem Trumpem \u201esam na sam\u201d &#8230; <a title=\"Polska pomini\u0119ta w Bia\u0142ym Domu. Kto zawini\u0142? Trwa gor\u0105ca wojna na s\u0142owa\" class=\"read-more\" href=\"https:\/\/dobrezrodla.com\/?p=3010\" aria-label=\"Read more about Polska pomini\u0119ta w Bia\u0142ym Domu. Kto zawini\u0142? Trwa gor\u0105ca wojna na s\u0142owa\">Read more<\/a><\/p>\n","protected":false},"author":1,"featured_media":3011,"comment_status":"open","ping_status":"open","sticky":false,"template":"","format":"standard","meta":{"footnotes":""},"categories":[1],"tags":[],"class_list":["post-3010","post","type-post","status-publish","format-standard","has-post-thumbnail","hentry","category-uncategorized"],"_links":{"self":[{"href":"https:\/\/dobrezrodla.com\/index.php?rest_route=\/wp\/v2\/posts\/3010","targetHints":{"allow":["GET"]}}],"collection":[{"href":"https:\/\/dobrezrodla.com\/index.php?rest_route=\/wp\/v2\/posts"}],"about":[{"href":"https:\/\/dobrezrodla.com\/index.php?rest_route=\/wp\/v2\/types\/post"}],"author":[{"embeddable":true,"href":"https:\/\/dobrezrodla.com\/index.php?rest_route=\/wp\/v2\/users\/1"}],"replies":[{"embeddable":true,"href":"https:\/\/dobrezrodla.com\/index.php?rest_route=%2Fwp%2Fv2%2Fcomments&post=3010"}],"version-history":[{"count":1,"href":"https:\/\/dobrezrodla.com\/index.php?rest_route=\/wp\/v2\/posts\/3010\/revisions"}],"predecessor-version":[{"id":3012,"href":"https:\/\/dobrezrodla.com\/index.php?rest_route=\/wp\/v2\/posts\/3010\/revisions\/3012"}],"wp:featuredmedia":[{"embeddable":true,"href":"https:\/\/dobrezrodla.com\/index.php?rest_route=\/wp\/v2\/media\/3011"}],"wp:attachment":[{"href":"https:\/\/dobrezrodla.com\/index.php?rest_route=%2Fwp%2Fv2%2Fmedia&parent=3010"}],"wp:term":[{"taxonomy":"category","embeddable":true,"href":"https:\/\/dobrezrodla.com\/index.php?rest_route=%2Fwp%2Fv2%2Fcategories&post=3010"},{"taxonomy":"post_tag","embeddable":true,"href":"https:\/\/dobrezrodla.com\/index.php?rest_route=%2Fwp%2Fv2%2Ftags&post=3010"}],"curies":[{"name":"wp","href":"https:\/\/api.w.org\/{rel}","templated":true}]}}