{"id":3027,"date":"2025-08-21T08:46:52","date_gmt":"2025-08-21T08:46:52","guid":{"rendered":"https:\/\/dobrezrodla.com\/?p=3027"},"modified":"2025-08-21T08:46:52","modified_gmt":"2025-08-21T08:46:52","slug":"eksplozja-w-osinach-mon-to-najprawdopodobniej-dron-ale-kazda-wersja-jest-mozliwa","status":"publish","type":"post","link":"https:\/\/dobrezrodla.com\/?p=3027","title":{"rendered":"Eksplozja w Osinach. MON: To najprawdopodobniej dron, ale ka\u017cda wersja jest mo\u017cliwa"},"content":{"rendered":"\n<p>Minister obrony narodowej W\u0142adys\u0142aw Kosiniak-Kamysz zabra\u0142 g\u0142os po tajemniczej eksplozji w Osinach w woj. lubelskim. Jak poinformowa\u0142, najprawdopodobniej dosz\u0142o tam do upadku drona, jednak jego charakter nie wskazuje obecnie na zastosowanie militarne. \u2013 Ka\u017cda wersja musi by\u0107 brana pod uwag\u0119 \u2013 podkre\u015bli\u0142 minister.<\/p>\n\n\n\n<p>Do zdarzenia dosz\u0142o na polu kukurydzy. Eksplozj\u0119 us\u0142yszeli okoliczni mieszka\u0144cy, a fala uderzeniowa zniszczy\u0142a szyby w pobliskich domach. Na miejscu znaleziono metalowe i plastikowe szcz\u0105tki, ale wojsko nie odnotowa\u0142o \u017cadnego naruszenia przestrzeni powietrznej. Obecnie teren badaj\u0105 wszystkie s\u0142u\u017cby \u2013 od \u017bandarmerii Wojskowej po \u015bmig\u0142owce i drony zwiadowcze.<\/p>\n\n\n\n<p>Kosiniak-Kamysz nie wykluczy\u0142, \u017ce obiekt m\u00f3g\u0142 mie\u0107 zwi\u0105zek z przemytem lub sabota\u017cem, cho\u0107 prokuratura szybko odrzuci\u0142a hipotez\u0119 o cywilnym lub przemytniczym pochodzeniu. Minister wskaza\u0142 te\u017c na analogie do wydarze\u0144 z Rumunii i Litwy, gdzie r\u00f3wnie\u017c dochodzi\u0142o do incydent\u00f3w z udzia\u0142em dron\u00f3w.<\/p>\n\n\n\n<p>Cho\u0107 pojawi\u0142y si\u0119 spekulacje o mo\u017cliwym udziale ira\u0144skiego drona Shahed, MON zastrzega, \u017ce konkretne ustalenia b\u0119d\u0105 mo\u017cliwe dopiero po analizie pirotechnicznej. \u2013 Nie wykluczamy \u017cadnej z hipotez \u2013 zaznaczy\u0142 minister.<\/p>\n","protected":false},"excerpt":{"rendered":"<p>Minister obrony narodowej W\u0142adys\u0142aw Kosiniak-Kamysz zabra\u0142 g\u0142os po tajemniczej eksplozji w Osinach w woj. lubelskim. Jak poinformowa\u0142, najprawdopodobniej dosz\u0142o tam do upadku drona, jednak jego charakter nie wskazuje obecnie na zastosowanie militarne. \u2013 Ka\u017cda wersja musi by\u0107 brana pod uwag\u0119 \u2013 podkre\u015bli\u0142 minister. Do zdarzenia dosz\u0142o na polu kukurydzy. Eksplozj\u0119 us\u0142yszeli okoliczni mieszka\u0144cy, a fala &#8230; <a title=\"Eksplozja w Osinach. MON: To najprawdopodobniej dron, ale ka\u017cda wersja jest mo\u017cliwa\" class=\"read-more\" href=\"https:\/\/dobrezrodla.com\/?p=3027\" aria-label=\"Read more about Eksplozja w Osinach. MON: To najprawdopodobniej dron, ale ka\u017cda wersja jest mo\u017cliwa\">Read more<\/a><\/p>\n","protected":false},"author":1,"featured_media":3028,"comment_status":"open","ping_status":"open","sticky":false,"template":"","format":"standard","meta":{"footnotes":""},"categories":[1],"tags":[],"class_list":["post-3027","post","type-post","status-publish","format-standard","has-post-thumbnail","hentry","category-uncategorized"],"_links":{"self":[{"href":"https:\/\/dobrezrodla.com\/index.php?rest_route=\/wp\/v2\/posts\/3027","targetHints":{"allow":["GET"]}}],"collection":[{"href":"https:\/\/dobrezrodla.com\/index.php?rest_route=\/wp\/v2\/posts"}],"about":[{"href":"https:\/\/dobrezrodla.com\/index.php?rest_route=\/wp\/v2\/types\/post"}],"author":[{"embeddable":true,"href":"https:\/\/dobrezrodla.com\/index.php?rest_route=\/wp\/v2\/users\/1"}],"replies":[{"embeddable":true,"href":"https:\/\/dobrezrodla.com\/index.php?rest_route=%2Fwp%2Fv2%2Fcomments&post=3027"}],"version-history":[{"count":1,"href":"https:\/\/dobrezrodla.com\/index.php?rest_route=\/wp\/v2\/posts\/3027\/revisions"}],"predecessor-version":[{"id":3029,"href":"https:\/\/dobrezrodla.com\/index.php?rest_route=\/wp\/v2\/posts\/3027\/revisions\/3029"}],"wp:featuredmedia":[{"embeddable":true,"href":"https:\/\/dobrezrodla.com\/index.php?rest_route=\/wp\/v2\/media\/3028"}],"wp:attachment":[{"href":"https:\/\/dobrezrodla.com\/index.php?rest_route=%2Fwp%2Fv2%2Fmedia&parent=3027"}],"wp:term":[{"taxonomy":"category","embeddable":true,"href":"https:\/\/dobrezrodla.com\/index.php?rest_route=%2Fwp%2Fv2%2Fcategories&post=3027"},{"taxonomy":"post_tag","embeddable":true,"href":"https:\/\/dobrezrodla.com\/index.php?rest_route=%2Fwp%2Fv2%2Ftags&post=3027"}],"curies":[{"name":"wp","href":"https:\/\/api.w.org\/{rel}","templated":true}]}}