{"id":3030,"date":"2025-08-21T08:47:24","date_gmt":"2025-08-21T08:47:24","guid":{"rendered":"https:\/\/dobrezrodla.com\/?p=3030"},"modified":"2025-08-21T08:47:24","modified_gmt":"2025-08-21T08:47:24","slug":"pawlowicz-niezdolna-do-pracy-ale-nadal-orzeka-zus-i-eksperci-komentuja-kontrowersje-w-tk","status":"publish","type":"post","link":"https:\/\/dobrezrodla.com\/?p=3030","title":{"rendered":"Paw\u0142owicz niezdolna do pracy, ale nadal orzeka. ZUS i eksperci komentuj\u0105 kontrowersje w TK"},"content":{"rendered":"\n<p>Krystyna Paw\u0142owicz, mimo orzeczenia ZUS o trwa\u0142ej niezdolno\u015bci do pracy, wci\u0105\u017c pe\u0142ni obowi\u0105zki s\u0119dziego Trybuna\u0142u Konstytucyjnego \u2013 i b\u0119dzie to robi\u0107 a\u017c do grudnia. Sprawa wywo\u0142a\u0142a burz\u0119 w \u015brodowisku prawniczym, a komentarze nie milkn\u0105.<\/p>\n\n\n\n<p>Cho\u0107 Paw\u0142owicz otrzyma\u0142a decyzj\u0119 o stanie zdrowia ju\u017c w czerwcu, dopiero p\u00f3\u0142 roku p\u00f3\u017aniej, 5 grudnia 2025 r., ma przej\u015b\u0107 w stan spoczynku. <\/p>\n\n\n\n<p>W mi\u0119dzyczasie nadal orzeka. W\u0105tpliwo\u015bci podnosili inni s\u0119dziowie TK, w tym Jakub Stelina, kt\u00f3ry uzna\u0142 udzia\u0142 osoby \u201etrwale niezdolnej do pe\u0142nienia obowi\u0105zk\u00f3w\u201d w kluczowych sprawach za niedopuszczalny.<\/p>\n\n\n\n<p>Prezes TK Bogdan \u015awi\u0119czkowski broni jednak swojej kole\u017canki, zapewniaj\u0105c, \u017ce formalnie nie zosta\u0142a uznana za niezdoln\u0105 do orzekania. <\/p>\n\n\n\n<p>Sama Paw\u0142owicz t\u0142umaczy, \u017ce s\u0119dziowie TK podlegaj\u0105 odr\u0119bnym regulacjom, a data odej\u015bcia zale\u017cy od decyzji Zgromadzenia Og\u00f3lnego, a nie samego orzeczenia ZUS.<\/p>\n\n\n\n<p>ZUS potwierdzi\u0142 t\u0119 interpretacj\u0119 \u2013 wskazuj\u0105c, \u017ce nie decyduje o tym, kiedy s\u0119dzia TK przestaje pe\u0142ni\u0107 funkcj\u0119.<\/p>\n\n\n\n<p> Ale eksperci, w tym Przemys\u0142aw Hinc, nie kryj\u0105 zdziwienia. Uwa\u017caj\u0105, \u017ce decyzja o tak odleg\u0142ej dacie powinna zapa\u015b\u0107 szybciej, szczeg\u00f3lnie je\u015bli zdrowie s\u0119dziego mog\u0142oby wp\u0142ywa\u0107 na wydawane orzeczenia.<\/p>\n\n\n\n<p>Paw\u0142owicz twierdzi, \u017ce do odej\u015bcia sk\u0142oni\u0142a j\u0105 fala agresji i hejtu, kt\u00f3re \u2013 jak podkre\u015bla \u2013 nieodwracalnie pogorszy\u0142y jej zdrowie.<\/p>\n","protected":false},"excerpt":{"rendered":"<p>Krystyna Paw\u0142owicz, mimo orzeczenia ZUS o trwa\u0142ej niezdolno\u015bci do pracy, wci\u0105\u017c pe\u0142ni obowi\u0105zki s\u0119dziego Trybuna\u0142u Konstytucyjnego \u2013 i b\u0119dzie to robi\u0107 a\u017c do grudnia. Sprawa wywo\u0142a\u0142a burz\u0119 w \u015brodowisku prawniczym, a komentarze nie milkn\u0105. Cho\u0107 Paw\u0142owicz otrzyma\u0142a decyzj\u0119 o stanie zdrowia ju\u017c w czerwcu, dopiero p\u00f3\u0142 roku p\u00f3\u017aniej, 5 grudnia 2025 r., ma przej\u015b\u0107 w &#8230; <a title=\"Paw\u0142owicz niezdolna do pracy, ale nadal orzeka. ZUS i eksperci komentuj\u0105 kontrowersje w TK\" class=\"read-more\" href=\"https:\/\/dobrezrodla.com\/?p=3030\" aria-label=\"Read more about Paw\u0142owicz niezdolna do pracy, ale nadal orzeka. ZUS i eksperci komentuj\u0105 kontrowersje w TK\">Read more<\/a><\/p>\n","protected":false},"author":1,"featured_media":3031,"comment_status":"open","ping_status":"open","sticky":false,"template":"","format":"standard","meta":{"footnotes":""},"categories":[1],"tags":[],"class_list":["post-3030","post","type-post","status-publish","format-standard","has-post-thumbnail","hentry","category-uncategorized"],"_links":{"self":[{"href":"https:\/\/dobrezrodla.com\/index.php?rest_route=\/wp\/v2\/posts\/3030","targetHints":{"allow":["GET"]}}],"collection":[{"href":"https:\/\/dobrezrodla.com\/index.php?rest_route=\/wp\/v2\/posts"}],"about":[{"href":"https:\/\/dobrezrodla.com\/index.php?rest_route=\/wp\/v2\/types\/post"}],"author":[{"embeddable":true,"href":"https:\/\/dobrezrodla.com\/index.php?rest_route=\/wp\/v2\/users\/1"}],"replies":[{"embeddable":true,"href":"https:\/\/dobrezrodla.com\/index.php?rest_route=%2Fwp%2Fv2%2Fcomments&post=3030"}],"version-history":[{"count":1,"href":"https:\/\/dobrezrodla.com\/index.php?rest_route=\/wp\/v2\/posts\/3030\/revisions"}],"predecessor-version":[{"id":3032,"href":"https:\/\/dobrezrodla.com\/index.php?rest_route=\/wp\/v2\/posts\/3030\/revisions\/3032"}],"wp:featuredmedia":[{"embeddable":true,"href":"https:\/\/dobrezrodla.com\/index.php?rest_route=\/wp\/v2\/media\/3031"}],"wp:attachment":[{"href":"https:\/\/dobrezrodla.com\/index.php?rest_route=%2Fwp%2Fv2%2Fmedia&parent=3030"}],"wp:term":[{"taxonomy":"category","embeddable":true,"href":"https:\/\/dobrezrodla.com\/index.php?rest_route=%2Fwp%2Fv2%2Fcategories&post=3030"},{"taxonomy":"post_tag","embeddable":true,"href":"https:\/\/dobrezrodla.com\/index.php?rest_route=%2Fwp%2Fv2%2Ftags&post=3030"}],"curies":[{"name":"wp","href":"https:\/\/api.w.org\/{rel}","templated":true}]}}