{"id":3055,"date":"2025-08-21T13:41:40","date_gmt":"2025-08-21T13:41:40","guid":{"rendered":"https:\/\/dobrezrodla.com\/?p=3055"},"modified":"2025-08-21T13:41:40","modified_gmt":"2025-08-21T13:41:40","slug":"stanislawa-celinska-wspomina-marka-grechute-brakuje-mi-go-kazdego-dnia-jego-piosenki-sa-we-mnie-2","status":"publish","type":"post","link":"https:\/\/dobrezrodla.com\/?p=3055","title":{"rendered":"Stanis\u0142awa Celi\u0144ska wspomina Marka Grechut\u0119: \u201eBrakuje mi go ka\u017cdego dnia\u2026 jego piosenki s\u0105 we mnie\u201d"},"content":{"rendered":"\n<p>Podczas specjalnego koncertu po\u015bwi\u0119conego pami\u0119ci&nbsp;<strong>Marka Grechuty<\/strong>,&nbsp;<strong>Stanis\u0142awa Celi\u0144ska<\/strong>&nbsp;wyg\u0142osi\u0142a niezwykle wzruszaj\u0105ce s\u0142owa o legendarnym arty\u015bcie i przyjacielu.<\/p>\n\n\n\n<hr class=\"wp-block-separator has-alpha-channel-opacity\"\/>\n\n\n\n<h3 class=\"wp-block-heading\">\u201eBy\u0142 dla mnie mistrzem i bratni\u0105 dusz\u0105\u201d<\/h3>\n\n\n\n<blockquote class=\"wp-block-quote is-style-plain is-layout-flow wp-block-quote-is-layout-flow\">\n<p><em>\u201eMarek by\u0142 dla mnie kim\u015b wi\u0119cej ni\u017c poet\u0105 i kompozytorem. By\u0142 mistrzem w patrzeniu na \u015bwiat z czu\u0142o\u015bci\u0105. Jego piosenki s\u0105 we mnie, w moim sercu. Brakuje mi go ka\u017cdego dnia.\u201d<\/em><\/p>\n<\/blockquote>\n\n\n\n<hr class=\"wp-block-separator has-alpha-channel-opacity\"\/>\n\n\n\n<h3 class=\"wp-block-heading\">\u201eCzasem \u015bpiewaj\u0105c, s\u0142ysz\u0119 jego g\u0142os\u2026\u201d<\/h3>\n\n\n\n<blockquote class=\"wp-block-quote is-style-plain is-layout-flow wp-block-quote-is-layout-flow\">\n<p><em>\u201eKiedy \u015bpiewam piosenki Marka, czuj\u0119, jakby by\u0142 tu\u017c obok. S\u0142ysz\u0119 jego g\u0142os, jego \u015bmiech. Tak wiele mu zawdzi\u0119czam. Uczy\u0142 nas wszystkich, jak \u015bpiewa\u0107 sercem.\u201d<\/em><\/p>\n<\/blockquote>\n\n\n\n<hr class=\"wp-block-separator has-alpha-channel-opacity\"\/>\n\n\n\n<h3 class=\"wp-block-heading\">Publiczno\u015b\u0107 wzruszona do \u0142ez<\/h3>\n\n\n\n<p>Po s\u0142owach Stanis\u0142awy Celi\u0144skiej w sali zapanowa\u0142a g\u0142\u0119boka cisza, a nast\u0119pnie publiczno\u015b\u0107 nagrodzi\u0142a artystk\u0119 owacjami na stoj\u0105co.<\/p>\n\n\n\n<hr class=\"wp-block-separator has-alpha-channel-opacity\"\/>\n\n\n\n<h3 class=\"wp-block-heading\">\u201eMarek, dzi\u0119kuj\u0119 Ci. Twoje piosenki zawsze b\u0119d\u0105 \u017cy\u0142y we mnie\u201d<\/h3>\n\n\n\n<p>Stanis\u0142awa Celi\u0144ska zako\u0144czy\u0142a:<\/p>\n\n\n\n<blockquote class=\"wp-block-quote is-style-plain is-layout-flow wp-block-quote-is-layout-flow\">\n<p><em>\u201eMarek, dzi\u0119kuj\u0119 Ci za ka\u017cdy wers, za ka\u017cd\u0105 nut\u0119. Twoje piosenki zawsze b\u0119d\u0105 \u017cy\u0142y we mnie i w naszych sercach.\u201d<\/em><\/p>\n<\/blockquote>\n\n\n\n<p><\/p>\n","protected":false},"excerpt":{"rendered":"<p>Podczas specjalnego koncertu po\u015bwi\u0119conego pami\u0119ci&nbsp;Marka Grechuty,&nbsp;Stanis\u0142awa Celi\u0144ska&nbsp;wyg\u0142osi\u0142a niezwykle wzruszaj\u0105ce s\u0142owa o legendarnym arty\u015bcie i przyjacielu. \u201eBy\u0142 dla mnie mistrzem i bratni\u0105 dusz\u0105\u201d \u201eMarek by\u0142 dla mnie kim\u015b wi\u0119cej ni\u017c poet\u0105 i kompozytorem. By\u0142 mistrzem w patrzeniu na \u015bwiat z czu\u0142o\u015bci\u0105. Jego piosenki s\u0105 we mnie, w moim sercu. Brakuje mi go ka\u017cdego dnia.\u201d \u201eCzasem \u015bpiewaj\u0105c, &#8230; <a title=\"Stanis\u0142awa Celi\u0144ska wspomina Marka Grechut\u0119: \u201eBrakuje mi go ka\u017cdego dnia\u2026 jego piosenki s\u0105 we mnie\u201d\" class=\"read-more\" href=\"https:\/\/dobrezrodla.com\/?p=3055\" aria-label=\"Read more about Stanis\u0142awa Celi\u0144ska wspomina Marka Grechut\u0119: \u201eBrakuje mi go ka\u017cdego dnia\u2026 jego piosenki s\u0105 we mnie\u201d\">Read more<\/a><\/p>\n","protected":false},"author":1,"featured_media":0,"comment_status":"open","ping_status":"open","sticky":false,"template":"","format":"standard","meta":{"footnotes":""},"categories":[1],"tags":[],"class_list":["post-3055","post","type-post","status-publish","format-standard","hentry","category-uncategorized"],"_links":{"self":[{"href":"https:\/\/dobrezrodla.com\/index.php?rest_route=\/wp\/v2\/posts\/3055","targetHints":{"allow":["GET"]}}],"collection":[{"href":"https:\/\/dobrezrodla.com\/index.php?rest_route=\/wp\/v2\/posts"}],"about":[{"href":"https:\/\/dobrezrodla.com\/index.php?rest_route=\/wp\/v2\/types\/post"}],"author":[{"embeddable":true,"href":"https:\/\/dobrezrodla.com\/index.php?rest_route=\/wp\/v2\/users\/1"}],"replies":[{"embeddable":true,"href":"https:\/\/dobrezrodla.com\/index.php?rest_route=%2Fwp%2Fv2%2Fcomments&post=3055"}],"version-history":[{"count":1,"href":"https:\/\/dobrezrodla.com\/index.php?rest_route=\/wp\/v2\/posts\/3055\/revisions"}],"predecessor-version":[{"id":3056,"href":"https:\/\/dobrezrodla.com\/index.php?rest_route=\/wp\/v2\/posts\/3055\/revisions\/3056"}],"wp:attachment":[{"href":"https:\/\/dobrezrodla.com\/index.php?rest_route=%2Fwp%2Fv2%2Fmedia&parent=3055"}],"wp:term":[{"taxonomy":"category","embeddable":true,"href":"https:\/\/dobrezrodla.com\/index.php?rest_route=%2Fwp%2Fv2%2Fcategories&post=3055"},{"taxonomy":"post_tag","embeddable":true,"href":"https:\/\/dobrezrodla.com\/index.php?rest_route=%2Fwp%2Fv2%2Ftags&post=3055"}],"curies":[{"name":"wp","href":"https:\/\/api.w.org\/{rel}","templated":true}]}}