{"id":3057,"date":"2025-08-21T15:21:07","date_gmt":"2025-08-21T15:21:07","guid":{"rendered":"https:\/\/dobrezrodla.com\/?p=3057"},"modified":"2025-08-21T15:21:08","modified_gmt":"2025-08-21T15:21:08","slug":"zmarl-arcybiskup-jozef-kowalczyk-byly-nuncjusz-apostolski-i-prymas-polski","status":"publish","type":"post","link":"https:\/\/dobrezrodla.com\/?p=3057","title":{"rendered":"Zmar\u0142 arcybiskup J\u00f3zef Kowalczyk \u2013 by\u0142y nuncjusz apostolski i prymas Polski"},"content":{"rendered":"\n<p>W wieku 86 lat odszed\u0142 arcybiskup J\u00f3zef Kowalczyk \u2013 wieloletni nuncjusz apostolski w Polsce, metropolita gnie\u017anie\u0144ski oraz by\u0142y prymas kraju. Archidiecezja gnie\u017anie\u0144ska poinformowa\u0142a, \u017ce duchowny zmar\u0142 w nocy z 20 na 21 sierpnia w szpitalu w Tarnowie, gdzie by\u0142 hospitalizowany od kilku tygodni. Smutn\u0105 wiadomo\u015b\u0107 og\u0142oszono r\u00f3wnie\u017c symbolicznie \u2013 dzwon \u015bw. Wojciecha rozbrzmia\u0142 w Gnie\u017anie.<\/p>\n\n\n\n<p>Arcybiskup Kowalczyk przez ponad dwie dekady kszta\u0142towa\u0142 oblicze polskiego Ko\u015bcio\u0142a. Jako nuncjusz apostolski odegra\u0142 wa\u017cn\u0105 rol\u0119 m.in. w negocjacjach dotycz\u0105cych konkordatu ze Stolic\u0105 Apostolsk\u0105 i przyczyni\u0142 si\u0119 do reaktywacji Ordynariatu Polowego Wojska Polskiego. By\u0142 tak\u017ce bliskim wsp\u00f3\u0142pracownikiem \u015bw. Jana Paw\u0142a II.<\/p>\n\n\n\n<p>Karier\u0119 duchown\u0105 rozpocz\u0105\u0142 w Olsztynie, p\u00f3\u017aniej studiowa\u0142 m.in. w Lublinie i Rzymie. Uko\u0144czy\u0142 presti\u017cowe kursy prawa kanonicznego, archiwistyki watyka\u0144skiej i uzyska\u0142 tytu\u0142 doktora. W 1989 roku otrzyma\u0142 sakr\u0119 biskupi\u0105 z r\u0105k Jana Paw\u0142a II i zosta\u0142 mianowany nuncjuszem w Polsce, sprawuj\u0105c ten urz\u0105d przez rekordowe 21 lat.<\/p>\n\n\n\n<p>W 2010 roku zosta\u0142 prymasem Polski. By\u0142 r\u00f3wnie\u017c zaanga\u017cowany spo\u0142ecznie \u2013 zainicjowa\u0142 m.in. powstanie o\u015brodka rehabilitacyjnego dla dzieci niepe\u0142nosprawnych w swojej rodzinnej miejscowo\u015bci.<\/p>\n\n\n\n<p>W ostatnich latach \u017cycia media podejmowa\u0142y temat jego rzekomej wsp\u00f3\u0142pracy ze s\u0142u\u017cbami PRL. Komisja historyczna nie znalaz\u0142a jednak dowod\u00f3w na \u015bwiadom\u0105 wsp\u00f3\u0142prac\u0119, a sam arcybiskup zdecydowanie zaprzecza\u0142 tym zarzutom.<\/p>\n\n\n\n<p>Data pogrzebu nie zosta\u0142a jeszcze og\u0142oszona.<\/p>\n","protected":false},"excerpt":{"rendered":"<p>W wieku 86 lat odszed\u0142 arcybiskup J\u00f3zef Kowalczyk \u2013 wieloletni nuncjusz apostolski w Polsce, metropolita gnie\u017anie\u0144ski oraz by\u0142y prymas kraju. Archidiecezja gnie\u017anie\u0144ska poinformowa\u0142a, \u017ce duchowny zmar\u0142 w nocy z 20 na 21 sierpnia w szpitalu w Tarnowie, gdzie by\u0142 hospitalizowany od kilku tygodni. Smutn\u0105 wiadomo\u015b\u0107 og\u0142oszono r\u00f3wnie\u017c symbolicznie \u2013 dzwon \u015bw. Wojciecha rozbrzmia\u0142 w Gnie\u017anie. &#8230; <a title=\"Zmar\u0142 arcybiskup J\u00f3zef Kowalczyk \u2013 by\u0142y nuncjusz apostolski i prymas Polski\" class=\"read-more\" href=\"https:\/\/dobrezrodla.com\/?p=3057\" aria-label=\"Read more about Zmar\u0142 arcybiskup J\u00f3zef Kowalczyk \u2013 by\u0142y nuncjusz apostolski i prymas Polski\">Read more<\/a><\/p>\n","protected":false},"author":1,"featured_media":3058,"comment_status":"open","ping_status":"open","sticky":false,"template":"","format":"standard","meta":{"footnotes":""},"categories":[1],"tags":[],"class_list":["post-3057","post","type-post","status-publish","format-standard","has-post-thumbnail","hentry","category-uncategorized"],"_links":{"self":[{"href":"https:\/\/dobrezrodla.com\/index.php?rest_route=\/wp\/v2\/posts\/3057","targetHints":{"allow":["GET"]}}],"collection":[{"href":"https:\/\/dobrezrodla.com\/index.php?rest_route=\/wp\/v2\/posts"}],"about":[{"href":"https:\/\/dobrezrodla.com\/index.php?rest_route=\/wp\/v2\/types\/post"}],"author":[{"embeddable":true,"href":"https:\/\/dobrezrodla.com\/index.php?rest_route=\/wp\/v2\/users\/1"}],"replies":[{"embeddable":true,"href":"https:\/\/dobrezrodla.com\/index.php?rest_route=%2Fwp%2Fv2%2Fcomments&post=3057"}],"version-history":[{"count":1,"href":"https:\/\/dobrezrodla.com\/index.php?rest_route=\/wp\/v2\/posts\/3057\/revisions"}],"predecessor-version":[{"id":3059,"href":"https:\/\/dobrezrodla.com\/index.php?rest_route=\/wp\/v2\/posts\/3057\/revisions\/3059"}],"wp:featuredmedia":[{"embeddable":true,"href":"https:\/\/dobrezrodla.com\/index.php?rest_route=\/wp\/v2\/media\/3058"}],"wp:attachment":[{"href":"https:\/\/dobrezrodla.com\/index.php?rest_route=%2Fwp%2Fv2%2Fmedia&parent=3057"}],"wp:term":[{"taxonomy":"category","embeddable":true,"href":"https:\/\/dobrezrodla.com\/index.php?rest_route=%2Fwp%2Fv2%2Fcategories&post=3057"},{"taxonomy":"post_tag","embeddable":true,"href":"https:\/\/dobrezrodla.com\/index.php?rest_route=%2Fwp%2Fv2%2Ftags&post=3057"}],"curies":[{"name":"wp","href":"https:\/\/api.w.org\/{rel}","templated":true}]}}