{"id":3176,"date":"2025-08-23T14:23:21","date_gmt":"2025-08-23T14:23:21","guid":{"rendered":"https:\/\/dobrezrodla.com\/?p=3176"},"modified":"2025-08-23T14:23:22","modified_gmt":"2025-08-23T14:23:22","slug":"donald-tusk-europa-stoi-na-krawedzi-potrzebujemy-jednosci-jak-nigdy-wczesniej","status":"publish","type":"post","link":"https:\/\/dobrezrodla.com\/?p=3176","title":{"rendered":"Donald Tusk: Europa stoi na kraw\u0119dzi \u2013 potrzebujemy jedno\u015bci jak nigdy wcze\u015bniej"},"content":{"rendered":"\n<p>Premier Donald Tusk w mocnych s\u0142owach odni\u00f3s\u0142 si\u0119 do aktualnej sytuacji geopolitycznej, ostrzegaj\u0105c, \u017ce Europa znalaz\u0142a si\u0119 na granicy powa\u017cnego kryzysu. Podczas swojego wyst\u0105pienia wezwa\u0142 wszystkie pa\u0144stwa cz\u0142onkowskie Unii Europejskiej i NATO do zachowania pe\u0142nej jedno\u015bci i solidarno\u015bci wobec zagro\u017ce\u0144 p\u0142yn\u0105cych ze Wschodu.<\/p>\n\n\n\n<blockquote class=\"wp-block-quote is-layout-flow wp-block-quote-is-layout-flow\">\n<p>\u201eEuropa stoi na kraw\u0119dzi \u2013 zar\u00f3wno politycznie, jak i militarnie. To nie jest czas na wewn\u0119trzne spory czy szukanie podzia\u0142\u00f3w. Potrzebujemy jedno\u015bci jak nigdy wcze\u015bniej, je\u015bli chcemy przetrwa\u0107 ten burzliwy okres\u201d \u2013 zaznaczy\u0142 Tusk.<\/p>\n<\/blockquote>\n\n\n\n<hr class=\"wp-block-separator has-alpha-channel-opacity\"\/>\n\n\n\n<h3 class=\"wp-block-heading\"> Rosn\u0105ce napi\u0119cia na Wschodzie<\/h3>\n\n\n\n<p>Premier podkre\u015bli\u0142, \u017ce eskalacja dzia\u0142a\u0144 ze strony Rosji, trwaj\u0105ca wojna w Ukrainie oraz coraz \u015bmielsze prowokacje hybrydowe stanowi\u0105 bezpo\u015brednie zagro\u017cenie dla bezpiecze\u0144stwa europejskiego. Tusk zwr\u00f3ci\u0142 uwag\u0119, \u017ce odpowiedzialno\u015b\u0107 za przysz\u0142o\u015b\u0107 kontynentu spoczywa nie tylko na liderach politycznych, ale r\u00f3wnie\u017c na spo\u0142ecze\u0144stwach demokratycznych.<\/p>\n\n\n\n<blockquote class=\"wp-block-quote is-layout-flow wp-block-quote-is-layout-flow\">\n<p>\u201eNie mo\u017cemy pozwoli\u0107, aby jakiekolwiek pa\u0144stwo \u2013 niezale\u017cnie od jego si\u0142y \u2013 decydowa\u0142o o losach naszych narod\u00f3w. Jedno\u015b\u0107 Zachodu to dzi\u015b najwa\u017cniejsza bro\u0144\u201d \u2013 doda\u0142.<\/p>\n<\/blockquote>\n\n\n\n<hr class=\"wp-block-separator has-alpha-channel-opacity\"\/>\n\n\n\n<h3 class=\"wp-block-heading\"> Rola Polski<\/h3>\n\n\n\n<p>Donald Tusk zapewni\u0142, \u017ce Polska b\u0119dzie aktywnie dzia\u0142a\u0107 na rzecz utrzymania sp\u00f3jno\u015bci europejskiej i wzmocnienia struktur obronnych NATO. Wed\u0142ug niego, silna Polska w silnej Europie to najlepsza gwarancja bezpiecze\u0144stwa obywateli.<\/p>\n\n\n\n<hr class=\"wp-block-separator has-alpha-channel-opacity\"\/>\n\n\n\n<h3 class=\"wp-block-heading\"> Podsumowanie<\/h3>\n\n\n\n<p>Wypowied\u017a premiera odbi\u0142a si\u0119 szerokim echem zar\u00f3wno w kraju, jak i za granic\u0105. Eksperci podkre\u015blaj\u0105, \u017ce jego s\u0142owa to nie tylko apel o jedno\u015b\u0107, ale r\u00f3wnie\u017c sygna\u0142 ostrzegawczy, \u017ce nadchodz\u0105ce miesi\u0105ce mog\u0105 zadecydowa\u0107 o kszta\u0142cie przysz\u0142ej Europy.<\/p>\n","protected":false},"excerpt":{"rendered":"<p>Premier Donald Tusk w mocnych s\u0142owach odni\u00f3s\u0142 si\u0119 do aktualnej sytuacji geopolitycznej, ostrzegaj\u0105c, \u017ce Europa znalaz\u0142a si\u0119 na granicy powa\u017cnego kryzysu. Podczas swojego wyst\u0105pienia wezwa\u0142 wszystkie pa\u0144stwa cz\u0142onkowskie Unii Europejskiej i NATO do zachowania pe\u0142nej jedno\u015bci i solidarno\u015bci wobec zagro\u017ce\u0144 p\u0142yn\u0105cych ze Wschodu. \u201eEuropa stoi na kraw\u0119dzi \u2013 zar\u00f3wno politycznie, jak i militarnie. To nie &#8230; <a title=\"Donald Tusk: Europa stoi na kraw\u0119dzi \u2013 potrzebujemy jedno\u015bci jak nigdy wcze\u015bniej\" class=\"read-more\" href=\"https:\/\/dobrezrodla.com\/?p=3176\" aria-label=\"Read more about Donald Tusk: Europa stoi na kraw\u0119dzi \u2013 potrzebujemy jedno\u015bci jak nigdy wcze\u015bniej\">Read more<\/a><\/p>\n","protected":false},"author":1,"featured_media":3177,"comment_status":"open","ping_status":"open","sticky":false,"template":"","format":"standard","meta":{"footnotes":""},"categories":[1],"tags":[],"class_list":["post-3176","post","type-post","status-publish","format-standard","has-post-thumbnail","hentry","category-uncategorized"],"_links":{"self":[{"href":"https:\/\/dobrezrodla.com\/index.php?rest_route=\/wp\/v2\/posts\/3176","targetHints":{"allow":["GET"]}}],"collection":[{"href":"https:\/\/dobrezrodla.com\/index.php?rest_route=\/wp\/v2\/posts"}],"about":[{"href":"https:\/\/dobrezrodla.com\/index.php?rest_route=\/wp\/v2\/types\/post"}],"author":[{"embeddable":true,"href":"https:\/\/dobrezrodla.com\/index.php?rest_route=\/wp\/v2\/users\/1"}],"replies":[{"embeddable":true,"href":"https:\/\/dobrezrodla.com\/index.php?rest_route=%2Fwp%2Fv2%2Fcomments&post=3176"}],"version-history":[{"count":1,"href":"https:\/\/dobrezrodla.com\/index.php?rest_route=\/wp\/v2\/posts\/3176\/revisions"}],"predecessor-version":[{"id":3178,"href":"https:\/\/dobrezrodla.com\/index.php?rest_route=\/wp\/v2\/posts\/3176\/revisions\/3178"}],"wp:featuredmedia":[{"embeddable":true,"href":"https:\/\/dobrezrodla.com\/index.php?rest_route=\/wp\/v2\/media\/3177"}],"wp:attachment":[{"href":"https:\/\/dobrezrodla.com\/index.php?rest_route=%2Fwp%2Fv2%2Fmedia&parent=3176"}],"wp:term":[{"taxonomy":"category","embeddable":true,"href":"https:\/\/dobrezrodla.com\/index.php?rest_route=%2Fwp%2Fv2%2Fcategories&post=3176"},{"taxonomy":"post_tag","embeddable":true,"href":"https:\/\/dobrezrodla.com\/index.php?rest_route=%2Fwp%2Fv2%2Ftags&post=3176"}],"curies":[{"name":"wp","href":"https:\/\/api.w.org\/{rel}","templated":true}]}}