{"id":3185,"date":"2025-08-23T14:25:47","date_gmt":"2025-08-23T14:25:47","guid":{"rendered":"https:\/\/dobrezrodla.com\/?p=3185"},"modified":"2025-08-23T14:25:48","modified_gmt":"2025-08-23T14:25:48","slug":"wystapienie-tuska-poruszylo-opinie-publiczna-nie-oddamy-ani-centymetra-suwerennosci","status":"publish","type":"post","link":"https:\/\/dobrezrodla.com\/?p=3185","title":{"rendered":"Wyst\u0105pienie Tuska poruszy\u0142o opini\u0119 publiczn\u0105: \u201eNie oddamy ani centymetra suwerenno\u015bci\u201d"},"content":{"rendered":"\n<p>W emocjonalnym wyst\u0105pieniu, kt\u00f3re mia\u0142o miejsce w Warszawie, premier Donald Tusk odni\u00f3s\u0142 si\u0119 do rosn\u0105cych napi\u0119\u0107 mi\u0119dzynarodowych oraz spekulacji na temat ewentualnych ust\u0119pstw wobec Rosji. Jego mocne s\u0142owa \u2014 <em>\u201eNie oddamy ani centymetra suwerenno\u015bci\u201d<\/em> \u2014 wywo\u0142a\u0142y silny odd\u017awi\u0119k w mediach i spo\u0142ecze\u0144stwie.<\/p>\n\n\n\n<blockquote class=\"wp-block-quote is-layout-flow wp-block-quote-is-layout-flow\">\n<p>\u201eNikt nie ma prawa decydowa\u0107 za Polsk\u0119. Nasza suwerenno\u015b\u0107 nie podlega negocjacjom. Nie oddamy ani centymetra \u2013 niezale\u017cnie od presji, z jak\u0105 si\u0119 mierzymy\u201d \u2013 podkre\u015bli\u0142 premier.<\/p>\n<\/blockquote>\n\n\n\n<hr class=\"wp-block-separator has-alpha-channel-opacity\"\/>\n\n\n\n<h3 class=\"wp-block-heading\"> Polska nie do z\u0142amania<\/h3>\n\n\n\n<p>Tusk zaznaczy\u0142, \u017ce Polska jest gotowa do obrony swojej niezale\u017cno\u015bci na ka\u017cdej p\u0142aszczy\u017anie \u2014 politycznej, militarnej i gospodarczej. W jego opinii wszelkie naciski, kt\u00f3re maj\u0105 zmusi\u0107 kraj do zmiany kursu, s\u0105 bezskuteczne.<\/p>\n\n\n\n<blockquote class=\"wp-block-quote is-layout-flow wp-block-quote-is-layout-flow\">\n<p>\u201eKa\u017cda pr\u00f3ba os\u0142abienia Polski b\u0119dzie spotyka\u0107 si\u0119 z jednoznaczn\u0105 odpowiedzi\u0105. Nie cofniemy si\u0119 nawet o krok\u201d \u2013 doda\u0142.<\/p>\n<\/blockquote>\n\n\n\n<hr class=\"wp-block-separator has-alpha-channel-opacity\"\/>\n\n\n\n<h3 class=\"wp-block-heading\"> Silna pozycja w NATO i UE<\/h3>\n\n\n\n<p>Premier przypomnia\u0142, \u017ce Polska pozostaje jednym z kluczowych cz\u0142onk\u00f3w NATO i Unii Europejskiej, a jedno\u015b\u0107 sojusznik\u00f3w to fundament stabilno\u015bci w regionie.<\/p>\n\n\n\n<p>Wskaza\u0142 r\u00f3wnie\u017c, \u017ce \u017cadne decyzje dotycz\u0105ce bezpiecze\u0144stwa i polityki zagranicznej nie b\u0119d\u0105 podejmowane bez zgody Polak\u00f3w.<\/p>\n\n\n\n<hr class=\"wp-block-separator has-alpha-channel-opacity\"\/>\n\n\n\n<h3 class=\"wp-block-heading\"> Reakcje spo\u0142eczne<\/h3>\n\n\n\n<p>Wypowied\u017a Tuska spotka\u0142a si\u0119 z szerokim poparciem spo\u0142ecznym. W mediach spo\u0142eczno\u015bciowych pojawi\u0142y si\u0119 tysi\u0105ce komentarzy wyra\u017caj\u0105cych dum\u0119 i solidarno\u015b\u0107 z przes\u0142aniem premiera.<\/p>\n\n\n\n<p>Hashtag <strong>#AniCentymetra<\/strong> sta\u0142 si\u0119 jednym z najpopularniejszych temat\u00f3w dnia na platformach spo\u0142eczno\u015bciowych.<\/p>\n\n\n\n<hr class=\"wp-block-separator has-alpha-channel-opacity\"\/>\n\n\n\n<h3 class=\"wp-block-heading\"> Podsumowanie<\/h3>\n\n\n\n<p>W czasach pe\u0142nych niepewno\u015bci, wyst\u0105pienie Donalda Tuska zosta\u0142o odebrane jako zdecydowany g\u0142os w obronie niezale\u017cno\u015bci pa\u0144stwa. Jego s\u0142owa mog\u0105 na d\u0142ugo pozosta\u0107 symbolem nieugi\u0119tej postawy Polski wobec zewn\u0119trznych nacisk\u00f3w.<\/p>\n","protected":false},"excerpt":{"rendered":"<p>W emocjonalnym wyst\u0105pieniu, kt\u00f3re mia\u0142o miejsce w Warszawie, premier Donald Tusk odni\u00f3s\u0142 si\u0119 do rosn\u0105cych napi\u0119\u0107 mi\u0119dzynarodowych oraz spekulacji na temat ewentualnych ust\u0119pstw wobec Rosji. Jego mocne s\u0142owa \u2014 \u201eNie oddamy ani centymetra suwerenno\u015bci\u201d \u2014 wywo\u0142a\u0142y silny odd\u017awi\u0119k w mediach i spo\u0142ecze\u0144stwie. \u201eNikt nie ma prawa decydowa\u0107 za Polsk\u0119. Nasza suwerenno\u015b\u0107 nie podlega negocjacjom. Nie &#8230; <a title=\"Wyst\u0105pienie Tuska poruszy\u0142o opini\u0119 publiczn\u0105: \u201eNie oddamy ani centymetra suwerenno\u015bci\u201d\" class=\"read-more\" href=\"https:\/\/dobrezrodla.com\/?p=3185\" aria-label=\"Read more about Wyst\u0105pienie Tuska poruszy\u0142o opini\u0119 publiczn\u0105: \u201eNie oddamy ani centymetra suwerenno\u015bci\u201d\">Read more<\/a><\/p>\n","protected":false},"author":1,"featured_media":3186,"comment_status":"open","ping_status":"open","sticky":false,"template":"","format":"standard","meta":{"footnotes":""},"categories":[1],"tags":[],"class_list":["post-3185","post","type-post","status-publish","format-standard","has-post-thumbnail","hentry","category-uncategorized"],"_links":{"self":[{"href":"https:\/\/dobrezrodla.com\/index.php?rest_route=\/wp\/v2\/posts\/3185","targetHints":{"allow":["GET"]}}],"collection":[{"href":"https:\/\/dobrezrodla.com\/index.php?rest_route=\/wp\/v2\/posts"}],"about":[{"href":"https:\/\/dobrezrodla.com\/index.php?rest_route=\/wp\/v2\/types\/post"}],"author":[{"embeddable":true,"href":"https:\/\/dobrezrodla.com\/index.php?rest_route=\/wp\/v2\/users\/1"}],"replies":[{"embeddable":true,"href":"https:\/\/dobrezrodla.com\/index.php?rest_route=%2Fwp%2Fv2%2Fcomments&post=3185"}],"version-history":[{"count":1,"href":"https:\/\/dobrezrodla.com\/index.php?rest_route=\/wp\/v2\/posts\/3185\/revisions"}],"predecessor-version":[{"id":3187,"href":"https:\/\/dobrezrodla.com\/index.php?rest_route=\/wp\/v2\/posts\/3185\/revisions\/3187"}],"wp:featuredmedia":[{"embeddable":true,"href":"https:\/\/dobrezrodla.com\/index.php?rest_route=\/wp\/v2\/media\/3186"}],"wp:attachment":[{"href":"https:\/\/dobrezrodla.com\/index.php?rest_route=%2Fwp%2Fv2%2Fmedia&parent=3185"}],"wp:term":[{"taxonomy":"category","embeddable":true,"href":"https:\/\/dobrezrodla.com\/index.php?rest_route=%2Fwp%2Fv2%2Fcategories&post=3185"},{"taxonomy":"post_tag","embeddable":true,"href":"https:\/\/dobrezrodla.com\/index.php?rest_route=%2Fwp%2Fv2%2Ftags&post=3185"}],"curies":[{"name":"wp","href":"https:\/\/api.w.org\/{rel}","templated":true}]}}