{"id":3207,"date":"2025-08-25T08:10:44","date_gmt":"2025-08-25T08:10:44","guid":{"rendered":"https:\/\/dobrezrodla.com\/?p=3207"},"modified":"2025-08-25T08:10:45","modified_gmt":"2025-08-25T08:10:45","slug":"koniec-marzen-dudy-o-mkol-kulisy-sprawy-ktora-wywolala-burze-w-sporcie","status":"publish","type":"post","link":"https:\/\/dobrezrodla.com\/?p=3207","title":{"rendered":"Koniec marze\u0144 Dudy o MKOl? Kulisy sprawy, kt\u00f3ra wywo\u0142a\u0142a burz\u0119 w sporcie"},"content":{"rendered":"\n<hr class=\"wp-block-separator has-alpha-channel-opacity\"\/>\n\n\n\n<p>Prezydent Andrzej Duda nie zostanie cz\u0142onkiem Mi\u0119dzynarodowego Komitetu Olimpijskiego \u2013 temat, kt\u00f3ry przez wiele miesi\u0119cy budzi\u0142 emocje, w\u0142a\u015bnie zosta\u0142 definitywnie zamkni\u0119ty. Jak ustalili dziennikarze, by\u0142y prezydent nie tylko nie podejmuje \u017cadnych dzia\u0142a\u0144 w tym kierunku, ale najprawdopodobniej nigdy na powa\u017cnie ich nie planowa\u0142.<\/p>\n\n\n\n<p>Wszystko zacz\u0119\u0142o si\u0119 w grudniu 2024 roku, kiedy PKOl og\u0142osi\u0142, \u017ce rekomenduje Dud\u0119 jako kandydata na sta\u0142ego cz\u0142onka MKOl. Ruch ten mia\u0142 by\u0107 realizacj\u0105 pomys\u0142u zmar\u0142ego Andrzeja Kra\u015bnickiego, by\u0142ego prezesa PKOl, kt\u00f3ry mia\u0142 nadziej\u0119, \u017ce Duda b\u0119dzie kontynuowa\u0142 olimpijsk\u0105 misj\u0119 po Irenie Szewi\u0144skiej. Prezes PKOl Rados\u0142aw Piesiewicz przekonywa\u0142 wtedy, \u017ce to logiczny i zas\u0142u\u017cony wyb\u00f3r.<\/p>\n\n\n\n<p>Jednak za kulisami wszystko wygl\u0105da\u0142o inaczej. Brakuje wsparcia zar\u00f3wno w kraju, jak i na arenie mi\u0119dzynarodowej. \u015amier\u0107 Kra\u015bnickiego i odej\u015bcie Thomasa Bacha \u2013 wieloletniego szefa MKOl, kt\u00f3ry mia\u0142 dobre relacje z Dud\u0105 \u2013 pozbawi\u0142y kandydata wa\u017cnych sojusznik\u00f3w. Obecna prezydent MKOl, Kirsty Coventry, ma inne priorytety \u2013 szczeg\u00f3lnie promowanie kandydatur spoza Europy i kobiet.<\/p>\n\n\n\n<p>Co wi\u0119cej, otoczenie Dudy zdradza, \u017ce ca\u0142a sprawa nigdy nie by\u0142a traktowana zbyt powa\u017cnie. Sam by\u0142y prezydent mia\u0142 nawet nie wiedzie\u0107 o g\u0142osowaniu w PKOl. Ostatecznie przyj\u0105\u0142 nominacj\u0119 jako gest uznania, ale poza kurtuazyjnymi listami nie podj\u0105\u0142 \u017cadnych konkretnych krok\u00f3w.<\/p>\n\n\n\n<p>Sprawa od pocz\u0105tku budzi\u0142a kontrowersje. Wielu uwa\u017ca\u0142o, \u017ce Duda nie spe\u0142nia standard\u00f3w wymaganych przez MKOl, m.in. ze wzgl\u0119du na zobowi\u0105zanie do niezale\u017cno\u015bci od wp\u0142yw\u00f3w politycznych. Dodatkowo jego kandydatura zagra\u017ca\u0142a dalszej obecno\u015bci Mai W\u0142oszczowskiej \u2013 obecnej cz\u0142onkini MKOl z ramienia Komisji Zawodniczej \u2013 kt\u00f3ra mog\u0142aby stara\u0107 si\u0119 o sta\u0142e cz\u0142onkostwo po 2028 roku. Wed\u0142ug obowi\u0105zuj\u0105cych zasad, Polska mo\u017ce mie\u0107 tylko jednego sta\u0142ego reprezentanta.<\/p>\n\n\n\n<p>Temat kandydatury Dudy wci\u0105\u017c nie zosta\u0142 formalnie rozpatrzony przez Komisj\u0119 Elekcyjn\u0105 MKOl, a procedura \u2013 nawet gdyby ruszy\u0142a \u2013 by\u0142aby skomplikowana i czasoch\u0142onna. Tymczasem w Polsce nie brakuje przeciwnik\u00f3w tej nominacji, kt\u00f3rzy otwarcie dzia\u0142aj\u0105 na jej niekorzy\u015b\u0107.<\/p>\n\n\n\n<p>Zgodnie z najnowszymi informacjami, PKOl nie prowadzi \u017cadnych dalszych dzia\u0142a\u0144 w tej sprawie, a sam Duda skupia si\u0119 na promocji ksi\u0105\u017cki i zagranicznych wizytach. Olimpijski epizod w jego karierze wydaje si\u0119 zamkni\u0119ty na dobre.<\/p>\n","protected":false},"excerpt":{"rendered":"<p>Prezydent Andrzej Duda nie zostanie cz\u0142onkiem Mi\u0119dzynarodowego Komitetu Olimpijskiego \u2013 temat, kt\u00f3ry przez wiele miesi\u0119cy budzi\u0142 emocje, w\u0142a\u015bnie zosta\u0142 definitywnie zamkni\u0119ty. Jak ustalili dziennikarze, by\u0142y prezydent nie tylko nie podejmuje \u017cadnych dzia\u0142a\u0144 w tym kierunku, ale najprawdopodobniej nigdy na powa\u017cnie ich nie planowa\u0142. Wszystko zacz\u0119\u0142o si\u0119 w grudniu 2024 roku, kiedy PKOl og\u0142osi\u0142, \u017ce rekomenduje &#8230; <a title=\"Koniec marze\u0144 Dudy o MKOl? Kulisy sprawy, kt\u00f3ra wywo\u0142a\u0142a burz\u0119 w sporcie\" class=\"read-more\" href=\"https:\/\/dobrezrodla.com\/?p=3207\" aria-label=\"Read more about Koniec marze\u0144 Dudy o MKOl? Kulisy sprawy, kt\u00f3ra wywo\u0142a\u0142a burz\u0119 w sporcie\">Read more<\/a><\/p>\n","protected":false},"author":1,"featured_media":3208,"comment_status":"open","ping_status":"open","sticky":false,"template":"","format":"standard","meta":{"footnotes":""},"categories":[1],"tags":[],"class_list":["post-3207","post","type-post","status-publish","format-standard","has-post-thumbnail","hentry","category-uncategorized"],"_links":{"self":[{"href":"https:\/\/dobrezrodla.com\/index.php?rest_route=\/wp\/v2\/posts\/3207","targetHints":{"allow":["GET"]}}],"collection":[{"href":"https:\/\/dobrezrodla.com\/index.php?rest_route=\/wp\/v2\/posts"}],"about":[{"href":"https:\/\/dobrezrodla.com\/index.php?rest_route=\/wp\/v2\/types\/post"}],"author":[{"embeddable":true,"href":"https:\/\/dobrezrodla.com\/index.php?rest_route=\/wp\/v2\/users\/1"}],"replies":[{"embeddable":true,"href":"https:\/\/dobrezrodla.com\/index.php?rest_route=%2Fwp%2Fv2%2Fcomments&post=3207"}],"version-history":[{"count":1,"href":"https:\/\/dobrezrodla.com\/index.php?rest_route=\/wp\/v2\/posts\/3207\/revisions"}],"predecessor-version":[{"id":3209,"href":"https:\/\/dobrezrodla.com\/index.php?rest_route=\/wp\/v2\/posts\/3207\/revisions\/3209"}],"wp:featuredmedia":[{"embeddable":true,"href":"https:\/\/dobrezrodla.com\/index.php?rest_route=\/wp\/v2\/media\/3208"}],"wp:attachment":[{"href":"https:\/\/dobrezrodla.com\/index.php?rest_route=%2Fwp%2Fv2%2Fmedia&parent=3207"}],"wp:term":[{"taxonomy":"category","embeddable":true,"href":"https:\/\/dobrezrodla.com\/index.php?rest_route=%2Fwp%2Fv2%2Fcategories&post=3207"},{"taxonomy":"post_tag","embeddable":true,"href":"https:\/\/dobrezrodla.com\/index.php?rest_route=%2Fwp%2Fv2%2Ftags&post=3207"}],"curies":[{"name":"wp","href":"https:\/\/api.w.org\/{rel}","templated":true}]}}