{"id":3216,"date":"2025-08-25T08:12:33","date_gmt":"2025-08-25T08:12:33","guid":{"rendered":"https:\/\/dobrezrodla.com\/?p=3216"},"modified":"2025-08-25T08:12:33","modified_gmt":"2025-08-25T08:12:33","slug":"morawiecki-na-celowniku-sledczych-afera-rars-moze-uderzyc-w-bylego-premiera","status":"publish","type":"post","link":"https:\/\/dobrezrodla.com\/?p=3216","title":{"rendered":"Morawiecki na celowniku \u015bledczych? Afera RARS mo\u017ce uderzy\u0107 w by\u0142ego premiera"},"content":{"rendered":"\n<hr class=\"wp-block-separator has-alpha-channel-opacity\"\/>\n\n\n\n<p>Wed\u0142ug doniesie\u0144 Onetu, by\u0142y premier Mateusz Morawiecki mo\u017ce wkr\u00f3tce stan\u0105\u0107 przed prokuratur\u0105 w sprawie g\u0142o\u015bnej afery Rz\u0105dowej Agencji Rezerw Strategicznych (RARS). \u015aledczy chc\u0105 przes\u0142ucha\u0107 by\u0142ego szefa rz\u0105du w zwi\u0105zku z podejrzeniami o niedope\u0142nienie obowi\u0105zk\u00f3w, kt\u00f3re mog\u0142o skutkowa\u0107 powa\u017cnymi stratami zar\u00f3wno dla pa\u0144stwa, jak i dla sektora prywatnego.<\/p>\n\n\n\n<p>W centrum \u015bledztwa znajduje si\u0119 Micha\u0142 Kuczmierowski, by\u0142y szef RARS, kt\u00f3ry \u2013 wed\u0142ug by\u0142ych i obecnych pracownik\u00f3w \u2013 mia\u0142 dzia\u0142a\u0107 na polecenie os\u00f3b \u201ez g\u00f3ry\u201d, przyznaj\u0105c lukratywne zam\u00f3wienia zaprzyja\u017anionym firmom. Jedn\u0105 z nich by\u0142a \u201eRed is Bad\u201d \u2013 sp\u00f3\u0142ka kojarzona z produkcj\u0105 odzie\u017cy patriotycznej, kt\u00f3ra w czasie pandemii i po wybuchu wojny w Ukrainie zarobi\u0142a setki milion\u00f3w z\u0142otych na dostawach sprz\u0119tu i agregat\u00f3w.<\/p>\n\n\n\n<p>Cho\u0107 Kuczmierowski obecnie przebywa w Londynie, gdzie oczekuje na ekstradycj\u0119 do Polski, \u015bledczy ju\u017c przygotowuj\u0105 si\u0119 do przes\u0142uchania Morawieckiego. Termin nie zostanie jednak wyznaczony wcze\u015bniej ni\u017c po sprowadzeniu Kuczmierowskiego do kraju. A to \u2013 jak zaznaczaj\u0105 przedstawiciele Prokuratury Krajowej \u2013 mo\u017ce potrwa\u0107 nawet dwa lata, je\u015bli dojdzie do apelacji od wyroku ekstradycyjnego w Wielkiej Brytanii.<\/p>\n\n\n\n<p>Najwi\u0119ksze kontrowersje budzi fakt, \u017ce CBA mia\u0142o wielokrotnie ostrzega\u0107 Kancelari\u0119 Premiera przed wsp\u00f3\u0142prac\u0105 z niekt\u00f3rymi sp\u00f3\u0142kami, w tym \u201eRed is Bad\u201d. Mimo to, \u017cadnych dzia\u0142a\u0144 nie podj\u0119to. Efekt? Sp\u00f3\u0142ka kupi\u0142a w Chinach agregaty za 69 mln z\u0142, by nast\u0119pnie sprzeda\u0107 je RARS za&#8230; 350 mln z\u0142.<\/p>\n\n\n\n<p>W\u0142a\u015bciciel \u201eRed is Bad\u201d, Pawe\u0142 Szopa, zatrzymany na Dominikanie, dzi\u015b przebywa na wolno\u015bci i stara si\u0119 o status ma\u0142ego \u015bwiadka koronnego. Czy jego zeznania obci\u0105\u017c\u0105 Morawieckiego? \u015aledczy nie wykluczaj\u0105 postawienia by\u0142emu premierowi zarzut\u00f3w, je\u015bli potwierdz\u0105 si\u0119 informacje o jego zaniechaniach.<\/p>\n\n\n\n<p>Afera, kt\u00f3ra wstrz\u0105sn\u0119\u0142a opini\u0105 publiczn\u0105 w czasie pandemii, w\u0142a\u015bnie nabiera nowego tempa \u2013 i mo\u017ce mie\u0107 powa\u017cne konsekwencje dla najwy\u017cszych szczebli w\u0142adzy z czas\u00f3w rz\u0105d\u00f3w PiS.<\/p>\n","protected":false},"excerpt":{"rendered":"<p>Wed\u0142ug doniesie\u0144 Onetu, by\u0142y premier Mateusz Morawiecki mo\u017ce wkr\u00f3tce stan\u0105\u0107 przed prokuratur\u0105 w sprawie g\u0142o\u015bnej afery Rz\u0105dowej Agencji Rezerw Strategicznych (RARS). \u015aledczy chc\u0105 przes\u0142ucha\u0107 by\u0142ego szefa rz\u0105du w zwi\u0105zku z podejrzeniami o niedope\u0142nienie obowi\u0105zk\u00f3w, kt\u00f3re mog\u0142o skutkowa\u0107 powa\u017cnymi stratami zar\u00f3wno dla pa\u0144stwa, jak i dla sektora prywatnego. W centrum \u015bledztwa znajduje si\u0119 Micha\u0142 Kuczmierowski, by\u0142y &#8230; <a title=\"Morawiecki na celowniku \u015bledczych? Afera RARS mo\u017ce uderzy\u0107 w by\u0142ego premiera\" class=\"read-more\" href=\"https:\/\/dobrezrodla.com\/?p=3216\" aria-label=\"Read more about Morawiecki na celowniku \u015bledczych? Afera RARS mo\u017ce uderzy\u0107 w by\u0142ego premiera\">Read more<\/a><\/p>\n","protected":false},"author":1,"featured_media":3217,"comment_status":"open","ping_status":"open","sticky":false,"template":"","format":"standard","meta":{"footnotes":""},"categories":[1],"tags":[],"class_list":["post-3216","post","type-post","status-publish","format-standard","has-post-thumbnail","hentry","category-uncategorized"],"_links":{"self":[{"href":"https:\/\/dobrezrodla.com\/index.php?rest_route=\/wp\/v2\/posts\/3216","targetHints":{"allow":["GET"]}}],"collection":[{"href":"https:\/\/dobrezrodla.com\/index.php?rest_route=\/wp\/v2\/posts"}],"about":[{"href":"https:\/\/dobrezrodla.com\/index.php?rest_route=\/wp\/v2\/types\/post"}],"author":[{"embeddable":true,"href":"https:\/\/dobrezrodla.com\/index.php?rest_route=\/wp\/v2\/users\/1"}],"replies":[{"embeddable":true,"href":"https:\/\/dobrezrodla.com\/index.php?rest_route=%2Fwp%2Fv2%2Fcomments&post=3216"}],"version-history":[{"count":1,"href":"https:\/\/dobrezrodla.com\/index.php?rest_route=\/wp\/v2\/posts\/3216\/revisions"}],"predecessor-version":[{"id":3218,"href":"https:\/\/dobrezrodla.com\/index.php?rest_route=\/wp\/v2\/posts\/3216\/revisions\/3218"}],"wp:featuredmedia":[{"embeddable":true,"href":"https:\/\/dobrezrodla.com\/index.php?rest_route=\/wp\/v2\/media\/3217"}],"wp:attachment":[{"href":"https:\/\/dobrezrodla.com\/index.php?rest_route=%2Fwp%2Fv2%2Fmedia&parent=3216"}],"wp:term":[{"taxonomy":"category","embeddable":true,"href":"https:\/\/dobrezrodla.com\/index.php?rest_route=%2Fwp%2Fv2%2Fcategories&post=3216"},{"taxonomy":"post_tag","embeddable":true,"href":"https:\/\/dobrezrodla.com\/index.php?rest_route=%2Fwp%2Fv2%2Ftags&post=3216"}],"curies":[{"name":"wp","href":"https:\/\/api.w.org\/{rel}","templated":true}]}}