{"id":3219,"date":"2025-08-25T08:13:04","date_gmt":"2025-08-25T08:13:04","guid":{"rendered":"https:\/\/dobrezrodla.com\/?p=3219"},"modified":"2025-08-25T08:13:04","modified_gmt":"2025-08-25T08:13:04","slug":"sikorski-ostro-do-rosji-ukraincy-wiedza-o-co-walcza-mocne-slowa-na-dzien-niepodleglosci-ukrainy","status":"publish","type":"post","link":"https:\/\/dobrezrodla.com\/?p=3219","title":{"rendered":"Sikorski ostro do Rosji. &#8220;Ukrai\u0144cy wiedz\u0105, o co walcz\u0105&#8221; \u2013 mocne s\u0142owa na Dzie\u0144 Niepodleg\u0142o\u015bci Ukrainy"},"content":{"rendered":"\n<hr class=\"wp-block-separator has-alpha-channel-opacity\"\/>\n\n\n\n<p>Minister spraw zagranicznych Rados\u0142aw Sikorski z\u0142o\u017cy\u0142 poruszaj\u0105ce \u017cyczenia obywatelom Ukrainy z okazji ich Dnia Niepodleg\u0142o\u015bci \u2013 obchodzonego ju\u017c po raz czwarty w cieniu rosyjskiej inwazji. W swoim wpisie odni\u00f3s\u0142 si\u0119 nie tylko do bie\u017c\u0105cej wojny, ale te\u017c przypomnia\u0142 brutalne karty historii, kt\u00f3re \u0142\u0105cz\u0105 oba narody.<\/p>\n\n\n\n<p>\u201ePozosta\u0144cie silni!\u201d \u2013 zaapelowa\u0142 Sikorski, wyra\u017caj\u0105c solidarno\u015b\u0107 z narodem ukrai\u0144skim, kt\u00f3ry od ponad trzech lat mierzy si\u0119 z pe\u0142noskalow\u0105 agresj\u0105. Tysi\u0105ce rakiet, bomb i dron\u00f3w spad\u0142o na miasta i wsie, a wojna poch\u0142on\u0119\u0142a \u017cycie wielu rodzin.<\/p>\n\n\n\n<p>Sikorski przypomnia\u0142 o Ho\u0142odomorze \u2013 Wielkim G\u0142odzie z lat 1932\u201333, kt\u00f3ry wed\u0142ug historyk\u00f3w poch\u0142on\u0105\u0142 od 4 do 8 milion\u00f3w istnie\u0144. Wskaza\u0142 jednoznacznie, \u017ce tamta tragedia, wywo\u0142ana przez komunistyczne w\u0142adze Rosji, jest przestrog\u0105, dlaczego tak wa\u017cna jest niepodleg\u0142o\u015b\u0107 i dlaczego Ukrai\u0144cy gotowi s\u0105 jej broni\u0107 za wszelk\u0105 cen\u0119.<\/p>\n\n\n\n<p>Wed\u0142ug ukrai\u0144skiego MSZ, a\u017c 73 proc. obywateli Ukrainy nadal wierzy w zwyci\u0119stwo nad Rosj\u0105. Ministerstwo w specjalnym komunikacie zaznaczy\u0142o, \u017ce wolno\u015b\u0107 nigdy nie by\u0142a dla nich dana raz na zawsze \u2013 wymaga codziennej walki, odwagi i jedno\u015bci.<\/p>\n\n\n\n<p>W przes\u0142aniu Sikorskiego nie zabrak\u0142o podkre\u015blenia wsparcia Polski \u2013 zar\u00f3wno moralnego, jak i politycznego \u2013 dla walcz\u0105cej Ukrainy. S\u0142owa szefa polskiej dyplomacji s\u0105 jasne: wolno\u015b\u0107 nie jest darem, lecz odpowiedzialno\u015bci\u0105.<\/p>\n","protected":false},"excerpt":{"rendered":"<p>Minister spraw zagranicznych Rados\u0142aw Sikorski z\u0142o\u017cy\u0142 poruszaj\u0105ce \u017cyczenia obywatelom Ukrainy z okazji ich Dnia Niepodleg\u0142o\u015bci \u2013 obchodzonego ju\u017c po raz czwarty w cieniu rosyjskiej inwazji. W swoim wpisie odni\u00f3s\u0142 si\u0119 nie tylko do bie\u017c\u0105cej wojny, ale te\u017c przypomnia\u0142 brutalne karty historii, kt\u00f3re \u0142\u0105cz\u0105 oba narody. \u201ePozosta\u0144cie silni!\u201d \u2013 zaapelowa\u0142 Sikorski, wyra\u017caj\u0105c solidarno\u015b\u0107 z narodem ukrai\u0144skim, &#8230; <a title=\"Sikorski ostro do Rosji. &#8220;Ukrai\u0144cy wiedz\u0105, o co walcz\u0105&#8221; \u2013 mocne s\u0142owa na Dzie\u0144 Niepodleg\u0142o\u015bci Ukrainy\" class=\"read-more\" href=\"https:\/\/dobrezrodla.com\/?p=3219\" aria-label=\"Read more about Sikorski ostro do Rosji. &#8220;Ukrai\u0144cy wiedz\u0105, o co walcz\u0105&#8221; \u2013 mocne s\u0142owa na Dzie\u0144 Niepodleg\u0142o\u015bci Ukrainy\">Read more<\/a><\/p>\n","protected":false},"author":1,"featured_media":3220,"comment_status":"open","ping_status":"open","sticky":false,"template":"","format":"standard","meta":{"footnotes":""},"categories":[1],"tags":[],"class_list":["post-3219","post","type-post","status-publish","format-standard","has-post-thumbnail","hentry","category-uncategorized"],"_links":{"self":[{"href":"https:\/\/dobrezrodla.com\/index.php?rest_route=\/wp\/v2\/posts\/3219","targetHints":{"allow":["GET"]}}],"collection":[{"href":"https:\/\/dobrezrodla.com\/index.php?rest_route=\/wp\/v2\/posts"}],"about":[{"href":"https:\/\/dobrezrodla.com\/index.php?rest_route=\/wp\/v2\/types\/post"}],"author":[{"embeddable":true,"href":"https:\/\/dobrezrodla.com\/index.php?rest_route=\/wp\/v2\/users\/1"}],"replies":[{"embeddable":true,"href":"https:\/\/dobrezrodla.com\/index.php?rest_route=%2Fwp%2Fv2%2Fcomments&post=3219"}],"version-history":[{"count":1,"href":"https:\/\/dobrezrodla.com\/index.php?rest_route=\/wp\/v2\/posts\/3219\/revisions"}],"predecessor-version":[{"id":3221,"href":"https:\/\/dobrezrodla.com\/index.php?rest_route=\/wp\/v2\/posts\/3219\/revisions\/3221"}],"wp:featuredmedia":[{"embeddable":true,"href":"https:\/\/dobrezrodla.com\/index.php?rest_route=\/wp\/v2\/media\/3220"}],"wp:attachment":[{"href":"https:\/\/dobrezrodla.com\/index.php?rest_route=%2Fwp%2Fv2%2Fmedia&parent=3219"}],"wp:term":[{"taxonomy":"category","embeddable":true,"href":"https:\/\/dobrezrodla.com\/index.php?rest_route=%2Fwp%2Fv2%2Fcategories&post=3219"},{"taxonomy":"post_tag","embeddable":true,"href":"https:\/\/dobrezrodla.com\/index.php?rest_route=%2Fwp%2Fv2%2Ftags&post=3219"}],"curies":[{"name":"wp","href":"https:\/\/api.w.org\/{rel}","templated":true}]}}