{"id":3231,"date":"2025-08-25T08:16:04","date_gmt":"2025-08-25T08:16:04","guid":{"rendered":"https:\/\/dobrezrodla.com\/?p=3231"},"modified":"2025-08-25T08:16:05","modified_gmt":"2025-08-25T08:16:05","slug":"kurski-wsciekly-po-slowach-dudy-to-prymitywny-ageizm-pis-w-ogniu-wewnetrznego-konfliktu","status":"publish","type":"post","link":"https:\/\/dobrezrodla.com\/?p=3231","title":{"rendered":"Kurski w\u015bciek\u0142y po s\u0142owach Dudy. \u201eTo prymitywny ageizm!\u201d \u2013 PiS w ogniu wewn\u0119trznego konfliktu"},"content":{"rendered":"\n<hr class=\"wp-block-separator has-alpha-channel-opacity\"\/>\n\n\n\n<p>Jacek Kurski ostro odpowiedzia\u0142 na wypowied\u017a Andrzeja Dudy, kt\u00f3ry w wywiadzie dla \u017burnalisty zasugerowa\u0142, \u017ce PiS przegra\u0142 wybory przez brak zmian pokoleniowych i zbyt silne przywi\u0105zanie do \u201ePRL-owskiego baga\u017cu\u201d. Cho\u0107 nie wymieni\u0142 Jaros\u0142awa Kaczy\u0144skiego z nazwiska, jego s\u0142owa odebrano jako jednoznaczn\u0105 aluzj\u0119 do 76-letniego lidera PiS.<\/p>\n\n\n\n<p>Kurski nie kry\u0142 oburzenia. \u2013 Dlaczego Dudzie zabrak\u0142o odwagi, by zaatakowa\u0107 Donalda Trumpa, kt\u00f3ry ma 79 lat? \u2013 pyta\u0142 na antenie wPolsce24. Zarzuci\u0142 by\u0142emu prezydentowi \u201eprymitywny ageizm\u201d i przypomnia\u0142, \u017ce granica sprawno\u015bci w polityce znacz\u0105co si\u0119 przesun\u0119\u0142a.<\/p>\n\n\n\n<p>By\u0142y szef TVP wprost pot\u0119pi\u0142 Dud\u0119 za spos\u00f3b, w jaki \u2013 jego zdaniem \u2013 potraktowa\u0142 Kaczy\u0144skiego, przypominaj\u0105c, \u017ce to w\u0142a\u015bnie lider PiS wykreowa\u0142 kilku premier\u00f3w i prezydent\u00f3w, w tym samego Dud\u0119 i obecnego prezydenta Karola Nawrockiego.<\/p>\n\n\n\n<p>\u2013 To pr\u00f3ba rozbicia obozu. My ju\u017c prawie witamy si\u0119 z g\u0105sk\u0105, a tu takie ciosy od \u015brodka \u2013 grzmia\u0142 Kurski. Podkre\u015bli\u0142, \u017ce prawica potrzebuje dzi\u015b jedno\u015bci i konsolidacji wok\u00f3\u0142 \u201ewiarygodnego przyw\u00f3dztwa\u201d, kt\u00f3re nie raz \u201epokaza\u0142o Tuskowi, gdzie raki zimuj\u0105\u201d.<\/p>\n\n\n\n<p>Czy s\u0142owa Dudy by\u0142y celowym uderzeniem w Kaczy\u0144skiego? A mo\u017ce to sygna\u0142, \u017ce by\u0142y prezydent chce rozpocz\u0105\u0107 nowy rozdzia\u0142 polityczny \u2013 bez starych lider\u00f3w? Jedno jest pewne \u2013 emocje w obozie PiS si\u0119gaj\u0105 zenitu, a publiczna wojna o przyw\u00f3dztwo dopiero si\u0119 rozp\u0119dza.<\/p>\n","protected":false},"excerpt":{"rendered":"<p>Jacek Kurski ostro odpowiedzia\u0142 na wypowied\u017a Andrzeja Dudy, kt\u00f3ry w wywiadzie dla \u017burnalisty zasugerowa\u0142, \u017ce PiS przegra\u0142 wybory przez brak zmian pokoleniowych i zbyt silne przywi\u0105zanie do \u201ePRL-owskiego baga\u017cu\u201d. Cho\u0107 nie wymieni\u0142 Jaros\u0142awa Kaczy\u0144skiego z nazwiska, jego s\u0142owa odebrano jako jednoznaczn\u0105 aluzj\u0119 do 76-letniego lidera PiS. Kurski nie kry\u0142 oburzenia. \u2013 Dlaczego Dudzie zabrak\u0142o odwagi, &#8230; <a title=\"Kurski w\u015bciek\u0142y po s\u0142owach Dudy. \u201eTo prymitywny ageizm!\u201d \u2013 PiS w ogniu wewn\u0119trznego konfliktu\" class=\"read-more\" href=\"https:\/\/dobrezrodla.com\/?p=3231\" aria-label=\"Read more about Kurski w\u015bciek\u0142y po s\u0142owach Dudy. \u201eTo prymitywny ageizm!\u201d \u2013 PiS w ogniu wewn\u0119trznego konfliktu\">Read more<\/a><\/p>\n","protected":false},"author":1,"featured_media":3232,"comment_status":"open","ping_status":"open","sticky":false,"template":"","format":"standard","meta":{"footnotes":""},"categories":[1],"tags":[],"class_list":["post-3231","post","type-post","status-publish","format-standard","has-post-thumbnail","hentry","category-uncategorized"],"_links":{"self":[{"href":"https:\/\/dobrezrodla.com\/index.php?rest_route=\/wp\/v2\/posts\/3231","targetHints":{"allow":["GET"]}}],"collection":[{"href":"https:\/\/dobrezrodla.com\/index.php?rest_route=\/wp\/v2\/posts"}],"about":[{"href":"https:\/\/dobrezrodla.com\/index.php?rest_route=\/wp\/v2\/types\/post"}],"author":[{"embeddable":true,"href":"https:\/\/dobrezrodla.com\/index.php?rest_route=\/wp\/v2\/users\/1"}],"replies":[{"embeddable":true,"href":"https:\/\/dobrezrodla.com\/index.php?rest_route=%2Fwp%2Fv2%2Fcomments&post=3231"}],"version-history":[{"count":1,"href":"https:\/\/dobrezrodla.com\/index.php?rest_route=\/wp\/v2\/posts\/3231\/revisions"}],"predecessor-version":[{"id":3233,"href":"https:\/\/dobrezrodla.com\/index.php?rest_route=\/wp\/v2\/posts\/3231\/revisions\/3233"}],"wp:featuredmedia":[{"embeddable":true,"href":"https:\/\/dobrezrodla.com\/index.php?rest_route=\/wp\/v2\/media\/3232"}],"wp:attachment":[{"href":"https:\/\/dobrezrodla.com\/index.php?rest_route=%2Fwp%2Fv2%2Fmedia&parent=3231"}],"wp:term":[{"taxonomy":"category","embeddable":true,"href":"https:\/\/dobrezrodla.com\/index.php?rest_route=%2Fwp%2Fv2%2Fcategories&post=3231"},{"taxonomy":"post_tag","embeddable":true,"href":"https:\/\/dobrezrodla.com\/index.php?rest_route=%2Fwp%2Fv2%2Ftags&post=3231"}],"curies":[{"name":"wp","href":"https:\/\/api.w.org\/{rel}","templated":true}]}}