{"id":3249,"date":"2025-08-25T08:20:22","date_gmt":"2025-08-25T08:20:22","guid":{"rendered":"https:\/\/dobrezrodla.com\/?p=3249"},"modified":"2025-08-25T08:20:22","modified_gmt":"2025-08-25T08:20:22","slug":"czy-szef-bbn-ma-dostep-do-tajnych-dokumentow-zamieszanie-wokol-cenckiewicza-i-kontrowersyjna-linia-palacu-prezydenckiego","status":"publish","type":"post","link":"https:\/\/dobrezrodla.com\/?p=3249","title":{"rendered":"Czy szef BBN ma dost\u0119p do tajnych dokument\u00f3w? Zamieszanie wok\u00f3\u0142 Cenckiewicza i kontrowersyjna linia Pa\u0142acu Prezydenckiego"},"content":{"rendered":"\n<hr class=\"wp-block-separator has-alpha-channel-opacity\"\/>\n\n\n\n<p>W niedzielnym programie \u201eKawa na \u0141aw\u0119\u201d Zbigniew Bogucki, szef Kancelarii Prezydenta RP, pr\u00f3bowa\u0142 wyja\u015bni\u0107, czy szef Biura Bezpiecze\u0144stwa Narodowego S\u0142awomir Cenckiewicz ma dost\u0119p do materia\u0142\u00f3w niejawnych. Swoj\u0105 wypowiedzi\u0105 jednak bardziej zagmatwa\u0142 ni\u017c wyja\u015bni\u0142 \u2013 zas\u0142ania\u0142 si\u0119 procedurami, ustawami i rzekomym \u201ek\u0142amstwem s\u0142u\u017cb\u201d.<\/p>\n\n\n\n<p>Na pytanie, czy Cenckiewicz ma dost\u0119p do tajnych informacji, Bogucki odpowiedzia\u0142, \u017ce \u201eobieg informacji w ramach tych, kt\u00f3re s\u0105 przekazywane, nast\u0119puje\u201d. Stwierdzi\u0142 te\u017c, \u017ce dost\u0119p do tajemnic nie zale\u017cy od s\u0142u\u017cb, a od s\u0105du \u2013 mimo \u017ce szefowie s\u0142u\u017cb otwarcie twierdz\u0105, \u017ce Cenckiewiczowi nie przekazuj\u0105 \u017cadnych materia\u0142\u00f3w niejawnych. Bogucki stanowczo zaprzeczy\u0142, \u017ce taka sytuacja mia\u0142aby miejsce, nazywaj\u0105c doniesienia \u201ek\u0142amstwami\u201d.<\/p>\n\n\n\n<p>Sytuacj\u0119 komplikuje fakt, \u017ce Cenckiewiczowi odebrano certyfikat bezpiecze\u0144stwa w 2024 roku. Cho\u0107 Wojew\u00f3dzki S\u0105d Administracyjny uchyli\u0142 t\u0119 decyzj\u0119, to wyrok nie jest prawomocny \u2013 rz\u0105d z\u0142o\u017cy\u0142 skarg\u0119 kasacyjn\u0105 do Naczelnego S\u0105du Administracyjnego. Formalnie wi\u0119c Cenckiewicz nie posiada obecnie po\u015bwiadczenia bezpiecze\u0144stwa.<\/p>\n\n\n\n<p>Dodatkowym problemem jest akt oskar\u017cenia, kt\u00f3ry trafi\u0142 do s\u0105du. Dotyczy on m.in. Cenckiewicza, by\u0142ego ministra obrony Mariusza B\u0142aszczaka i kilku innych os\u00f3b, kt\u00f3rzy mieli w 2023 roku odtajni\u0107 fragmenty planu operacyjnego \u201eWarta\u201d. Cenckiewicz twierdzi, \u017ce sprawa go cieszy, bo \u201ewreszcie b\u0119dzie m\u00f3g\u0142 si\u0119 broni\u0107 przed s\u0105dem\u201d.<\/p>\n\n\n\n<p>Zar\u00f3wno opozycja, jak i wielu ekspert\u00f3w ds. bezpiecze\u0144stwa uwa\u017ca, \u017ce pe\u0142ni\u0105cy funkcj\u0119 szefa BBN polityk bez aktualnego certyfikatu bezpiecze\u0144stwa to sytuacja skrajnie niebezpieczna. Tymczasem Pa\u0142ac Prezydencki broni Cenckiewicza jak twierdzy, twierdz\u0105c, \u017ce \u201eatak na niego to atak na prezydenta\u201d.<\/p>\n\n\n\n<p>Sprawa ujawnia g\u0142\u0119boki chaos w zarz\u0105dzaniu pa\u0144stwem i potencjalnie zagra\u017ca jego bezpiecze\u0144stwu \u2013 osoba bez wa\u017cnego certyfikatu nie powinna mie\u0107 dost\u0119pu do danych kluczowych dla bezpiecze\u0144stwa kraju i wsp\u00f3\u0142pracy z NATO.<\/p>\n","protected":false},"excerpt":{"rendered":"<p>W niedzielnym programie \u201eKawa na \u0141aw\u0119\u201d Zbigniew Bogucki, szef Kancelarii Prezydenta RP, pr\u00f3bowa\u0142 wyja\u015bni\u0107, czy szef Biura Bezpiecze\u0144stwa Narodowego S\u0142awomir Cenckiewicz ma dost\u0119p do materia\u0142\u00f3w niejawnych. Swoj\u0105 wypowiedzi\u0105 jednak bardziej zagmatwa\u0142 ni\u017c wyja\u015bni\u0142 \u2013 zas\u0142ania\u0142 si\u0119 procedurami, ustawami i rzekomym \u201ek\u0142amstwem s\u0142u\u017cb\u201d. Na pytanie, czy Cenckiewicz ma dost\u0119p do tajnych informacji, Bogucki odpowiedzia\u0142, \u017ce \u201eobieg &#8230; <a title=\"Czy szef BBN ma dost\u0119p do tajnych dokument\u00f3w? Zamieszanie wok\u00f3\u0142 Cenckiewicza i kontrowersyjna linia Pa\u0142acu Prezydenckiego\" class=\"read-more\" href=\"https:\/\/dobrezrodla.com\/?p=3249\" aria-label=\"Read more about Czy szef BBN ma dost\u0119p do tajnych dokument\u00f3w? Zamieszanie wok\u00f3\u0142 Cenckiewicza i kontrowersyjna linia Pa\u0142acu Prezydenckiego\">Read more<\/a><\/p>\n","protected":false},"author":1,"featured_media":3250,"comment_status":"open","ping_status":"open","sticky":false,"template":"","format":"standard","meta":{"footnotes":""},"categories":[1],"tags":[],"class_list":["post-3249","post","type-post","status-publish","format-standard","has-post-thumbnail","hentry","category-uncategorized"],"_links":{"self":[{"href":"https:\/\/dobrezrodla.com\/index.php?rest_route=\/wp\/v2\/posts\/3249","targetHints":{"allow":["GET"]}}],"collection":[{"href":"https:\/\/dobrezrodla.com\/index.php?rest_route=\/wp\/v2\/posts"}],"about":[{"href":"https:\/\/dobrezrodla.com\/index.php?rest_route=\/wp\/v2\/types\/post"}],"author":[{"embeddable":true,"href":"https:\/\/dobrezrodla.com\/index.php?rest_route=\/wp\/v2\/users\/1"}],"replies":[{"embeddable":true,"href":"https:\/\/dobrezrodla.com\/index.php?rest_route=%2Fwp%2Fv2%2Fcomments&post=3249"}],"version-history":[{"count":1,"href":"https:\/\/dobrezrodla.com\/index.php?rest_route=\/wp\/v2\/posts\/3249\/revisions"}],"predecessor-version":[{"id":3251,"href":"https:\/\/dobrezrodla.com\/index.php?rest_route=\/wp\/v2\/posts\/3249\/revisions\/3251"}],"wp:featuredmedia":[{"embeddable":true,"href":"https:\/\/dobrezrodla.com\/index.php?rest_route=\/wp\/v2\/media\/3250"}],"wp:attachment":[{"href":"https:\/\/dobrezrodla.com\/index.php?rest_route=%2Fwp%2Fv2%2Fmedia&parent=3249"}],"wp:term":[{"taxonomy":"category","embeddable":true,"href":"https:\/\/dobrezrodla.com\/index.php?rest_route=%2Fwp%2Fv2%2Fcategories&post=3249"},{"taxonomy":"post_tag","embeddable":true,"href":"https:\/\/dobrezrodla.com\/index.php?rest_route=%2Fwp%2Fv2%2Ftags&post=3249"}],"curies":[{"name":"wp","href":"https:\/\/api.w.org\/{rel}","templated":true}]}}