{"id":3252,"date":"2025-08-25T08:20:49","date_gmt":"2025-08-25T08:20:49","guid":{"rendered":"https:\/\/dobrezrodla.com\/?p=3252"},"modified":"2025-08-25T08:20:49","modified_gmt":"2025-08-25T08:20:49","slug":"zelenski-w-dniu-niepodleglosci-ukraina-nie-jest-ofiara-jest-wojownikiem-mocne-slowa-w-centrum-kijowa","status":"publish","type":"post","link":"https:\/\/dobrezrodla.com\/?p=3252","title":{"rendered":"Ze\u0142enski w Dniu Niepodleg\u0142o\u015bci: \u201eUkraina nie jest ofiar\u0105. Jest wojownikiem\u201d \u2013 mocne s\u0142owa w centrum Kijowa"},"content":{"rendered":"\n<hr class=\"wp-block-separator has-alpha-channel-opacity\"\/>\n\n\n\n<p>W emocjonalnym wyst\u0105pieniu z okazji Dnia Niepodleg\u0142o\u015bci prezydent Ukrainy Wo\u0142odymyr Ze\u0142enski jasno da\u0142 do zrozumienia: Ukraina mo\u017ce jeszcze nie wygra\u0142a, ale na pewno nie przegrywa. \u201eNie jeste\u015bmy ofiar\u0105, jeste\u015bmy wojownikiem\u201d \u2013 powiedzia\u0142 z Majdanu Niepodleg\u0142o\u015bci, symbolu wolno\u015bci i oporu przeciwko rosyjskiej dominacji.<\/p>\n\n\n\n<p>Ze\u0142enski przypomnia\u0142, \u017ce Ukraina nie tylko prosi, ale r\u00f3wnie\u017c oferuje \u2013 m.in. najlepsz\u0105 armi\u0119 w Europie i do\u015bwiadczenie w walce z agresorem. W jego s\u0142owach wybrzmia\u0142a wiara w to, \u017ce nar\u00f3d odzyska wszystkie okupowane terytoria i \u017ce \u201eto tylko kwestia czasu\u201d.<\/p>\n\n\n\n<p>Podkre\u015bli\u0142, \u017ce Ukraina nie jest ju\u017c \u201eubog\u0105 krewn\u0105\u201d Zachodu, ale pe\u0142noprawnym sojusznikiem. Jego przem\u00f3wienie by\u0142o te\u017c ostrym ciosem w mit \u201eniezwyci\u0119\u017conej rosyjskiej armii\u201d, kt\u00f3ra \u2013 jak przypomnia\u0142 \u2013 zosta\u0142a zatrzymana przez Ukrai\u0144c\u00f3w ju\u017c pierwszego dnia inwazji.<\/p>\n\n\n\n<p>Dzie\u0144 Niepodleg\u0142o\u015bci by\u0142 r\u00f3wnie\u017c okazj\u0105 do fali mi\u0119dzynarodowego wsparcia. Premierzy, prezydenci i liderzy Unii Europejskiej podkre\u015blali, \u017ce Ukraina nie walczy tylko o siebie, ale o wolno\u015b\u0107 ca\u0142ej Europy. Rados\u0142aw Sikorski w poruszaj\u0105cym wpisie wspomnia\u0142 o ko\u0144cu rusyfikacji, Wielkim G\u0142odzie i gu\u0142agach. \u201eChwa\u0142a Ukrainie\u201d \u2013 zako\u0144czy\u0142.<\/p>\n\n\n\n<p>Obchody w Kijowie sta\u0142y si\u0119 mocnym sygna\u0142em: Ukraina nie zamierza si\u0119 podda\u0107. A Zach\u00f3d? Jak zapewni\u0142a Ursula von der Leyen: \u201eB\u0119dziemy z wami tak d\u0142ugo, jak b\u0119dzie trzeba\u201d.<\/p>\n","protected":false},"excerpt":{"rendered":"<p>W emocjonalnym wyst\u0105pieniu z okazji Dnia Niepodleg\u0142o\u015bci prezydent Ukrainy Wo\u0142odymyr Ze\u0142enski jasno da\u0142 do zrozumienia: Ukraina mo\u017ce jeszcze nie wygra\u0142a, ale na pewno nie przegrywa. \u201eNie jeste\u015bmy ofiar\u0105, jeste\u015bmy wojownikiem\u201d \u2013 powiedzia\u0142 z Majdanu Niepodleg\u0142o\u015bci, symbolu wolno\u015bci i oporu przeciwko rosyjskiej dominacji. Ze\u0142enski przypomnia\u0142, \u017ce Ukraina nie tylko prosi, ale r\u00f3wnie\u017c oferuje \u2013 m.in. najlepsz\u0105 &#8230; <a title=\"Ze\u0142enski w Dniu Niepodleg\u0142o\u015bci: \u201eUkraina nie jest ofiar\u0105. Jest wojownikiem\u201d \u2013 mocne s\u0142owa w centrum Kijowa\" class=\"read-more\" href=\"https:\/\/dobrezrodla.com\/?p=3252\" aria-label=\"Read more about Ze\u0142enski w Dniu Niepodleg\u0142o\u015bci: \u201eUkraina nie jest ofiar\u0105. Jest wojownikiem\u201d \u2013 mocne s\u0142owa w centrum Kijowa\">Read more<\/a><\/p>\n","protected":false},"author":1,"featured_media":3253,"comment_status":"open","ping_status":"open","sticky":false,"template":"","format":"standard","meta":{"footnotes":""},"categories":[1],"tags":[],"class_list":["post-3252","post","type-post","status-publish","format-standard","has-post-thumbnail","hentry","category-uncategorized"],"_links":{"self":[{"href":"https:\/\/dobrezrodla.com\/index.php?rest_route=\/wp\/v2\/posts\/3252","targetHints":{"allow":["GET"]}}],"collection":[{"href":"https:\/\/dobrezrodla.com\/index.php?rest_route=\/wp\/v2\/posts"}],"about":[{"href":"https:\/\/dobrezrodla.com\/index.php?rest_route=\/wp\/v2\/types\/post"}],"author":[{"embeddable":true,"href":"https:\/\/dobrezrodla.com\/index.php?rest_route=\/wp\/v2\/users\/1"}],"replies":[{"embeddable":true,"href":"https:\/\/dobrezrodla.com\/index.php?rest_route=%2Fwp%2Fv2%2Fcomments&post=3252"}],"version-history":[{"count":1,"href":"https:\/\/dobrezrodla.com\/index.php?rest_route=\/wp\/v2\/posts\/3252\/revisions"}],"predecessor-version":[{"id":3254,"href":"https:\/\/dobrezrodla.com\/index.php?rest_route=\/wp\/v2\/posts\/3252\/revisions\/3254"}],"wp:featuredmedia":[{"embeddable":true,"href":"https:\/\/dobrezrodla.com\/index.php?rest_route=\/wp\/v2\/media\/3253"}],"wp:attachment":[{"href":"https:\/\/dobrezrodla.com\/index.php?rest_route=%2Fwp%2Fv2%2Fmedia&parent=3252"}],"wp:term":[{"taxonomy":"category","embeddable":true,"href":"https:\/\/dobrezrodla.com\/index.php?rest_route=%2Fwp%2Fv2%2Fcategories&post=3252"},{"taxonomy":"post_tag","embeddable":true,"href":"https:\/\/dobrezrodla.com\/index.php?rest_route=%2Fwp%2Fv2%2Ftags&post=3252"}],"curies":[{"name":"wp","href":"https:\/\/api.w.org\/{rel}","templated":true}]}}