{"id":3256,"date":"2025-08-25T15:57:22","date_gmt":"2025-08-25T15:57:22","guid":{"rendered":"https:\/\/dobrezrodla.com\/?p=3256"},"modified":"2025-08-25T15:57:22","modified_gmt":"2025-08-25T15:57:22","slug":"magda-umer-w-glebokim-zalu-odeszla-kobieta-ktora-nauczyla-mnie-czulosci-juz-jej-nie-przytule","status":"publish","type":"post","link":"https:\/\/dobrezrodla.com\/?p=3256","title":{"rendered":"Magda Umer w g\u0142\u0119bokim \u017calu: \u201eOdesz\u0142a kobieta, kt\u00f3ra nauczy\u0142a mnie czu\u0142o\u015bci\u2026 Ju\u017c jej nie przytul\u0119\u201d"},"content":{"rendered":"\n<p><strong>Magda Umer \u2013 Polska scena kulturalna<\/strong>&nbsp;pogr\u0105\u017cona jest w smutku. Odesz\u0142a&nbsp;<strong>prof. Anna Jakubczak<\/strong>, wieloletnia wyk\u0142adowczyni sztuki scenicznej, mentorka, nauczycielka emisji g\u0142osu i interpretacji, a przede wszystkim \u2013 cz\u0142owiek, kt\u00f3ry ukszta\u0142towa\u0142 dziesi\u0105tki artyst\u00f3w, pozostaj\u0105c w cieniu blasku reflektor\u00f3w. Dla jednej osoby by\u0142a jednak czym\u015b znacznie wi\u0119cej: dla&nbsp;<strong>Magdy Umer<\/strong>, legendarnej pie\u015bniarki, poetki i re\u017cyserki, by\u0142a duchow\u0105 przewodniczk\u0105, powierniczk\u0105, drugim sercem.<\/p>\n\n\n\n<p>W dniu jej \u015bmierci Magda Umer opublikowa\u0142a&nbsp;<strong>g\u0142\u0119boko poruszaj\u0105cy wpis<\/strong>, kt\u00f3ry poruszy\u0142 tysi\u0105ce serc. Pod zdj\u0119ciem czarno-bia\u0142ym, przedstawiaj\u0105cym obie kobiety na jednej z pr\u00f3b sprzed lat, napisa\u0142a s\u0142owa, kt\u00f3re s\u0105 jednocze\u015bnie elegi\u0105, wyznaniem i \u015bwiadectwem mi\u0142o\u015bci:<\/p>\n\n\n\n<p>https:\/\/googleads.g.doubleclick.net\/pagead\/ads?gdpr=1&#038;gdpr_consent=CQWtIsAQWtIsAEsACBENB5FoAP_gAEPgACJwK1IB_C7EbCFCiDp3IKMEMAhHABBAYsAwAAYBAwAADBIQIAQCgkEYBASAFCACCAAAKASBAAAgCAAAAUAAIAAVAABAAAwAIBAIIAAAgAAAAEAIAAAACIAAEQCAAAAEAEAAkAgAAAIASAAAAAAAAACBAAAAAAAAAAAAAAAABAAAAQAAQAAAAAAAiAAAAAAAABAIAAAAAAAAAAAAAAAAAAAAAAgAAAAAAAAAABAAAAAAAQR2QD-F2I2EKFEHCuQUYIYBCuACAAxYBgAAwCBgAAGCQgQAgFJIIkCAEAIEAAEAAAQAgCAABQEBAAAIAAAAAqAACAABgAQCAQQIABAAAAgIAAAAAAEQAAIgEAAAAIAIABABAAAAQAkAAAAAAAAAECAAAAAAAAAAAAAAAAAAAAAEABgAAAAAABEAAAAAAAACAQIAAA&#038;addtl_consent=2~61.89.122.184.196.230.314.442.445.494.550.576.827.1029.1033.1046.1047.1051.1097.1126.1166.1301.1342.1415.1725.1765.1942.1958.1987.2068.2072.2074.2107.2213.2219.2223.2224.2328.2331.2387.2416.2501.2567.2568.2575.2657.2686.2778.2869.2878.2908.2920.2963.3005.3023.3100.3126.3219.3234.3235.3253.3309.3731.6931.8931.13731.15731~dv.&#038;client=ca-pub-2620147183546117&#038;output=html&#038;h=280&#038;slotname=3375724879&#038;adk=1164150402&#038;adf=586236394&#038;pi=t.ma~as.3375724879&#038;w=613&#038;fwrn=4&#038;fwrnh=100&#038;lmt=1756137420&#038;rafmt=1&#038;format=613&#215;280&#038;url=https%3A%2F%2Fretelemele.ro%2Fmagda-umer-w-glebokim-zalu%2F%3Ffbclid%3DIwY2xjawMZZxdleHRuA2FlbQIxMABicmlkETFQS1BBeG50WlBrVlRGT09pAR6R6epODqcTw0apUkdKIJUxaD2ai8jnR5NrC55vJf2srEbJZHnrlMRRka932g_aem_2XO9i_QzaH2EParJYVIBYQ&#038;host=ca-host-pub-2644536267352236&#038;fwr=0&#038;rpe=1&#038;resp_fmts=3&#038;wgl=1&#038;uach=WyJXaW5kb3dzIiwiMTkuMC4wIiwieDg2IiwiIiwiMTM5LjAuMC4wIixudWxsLDAsbnVsbCwiNjQiLFtbIk5vdDtBPUJyYW5kIiwiOTkuMC4wLjAiXSxbIkJyYXZlIiwiMTM5LjAuMC4wIl0sWyJDaHJvbWl1bSIsIjEzOS4wLjAuMCJdXSwwXQ..&#038;abgtt=7&#038;dt=1756137416288&#038;bpp=1&#038;bdt=326&#038;idt=268&#038;shv=r20250820&#038;mjsv=m202508190101&#038;ptt=9&#038;saldr=aa&#038;abxe=1&#038;cookie=ID%3Dbdd6142b1f2c3975%3AT%3D1754645923%3ART%3D1756024418%3AS%3DALNI_MaeQt4oyh2TKHHVvtvlKRIBbmL4RQ&#038;gpic=UID%3D00001248d5feb6ef%3AT%3D1754645923%3ART%3D1756024418%3AS%3DALNI_MbjMwYRFgT_KpfYd-aTICwrkL_Dvw&#038;eo_id_str=ID%3D93c61c74babebdf6%3AT%3D1754645923%3ART%3D1756024418%3AS%3DAA-AfjaVSz559CPxwm3-UVkILG86&#038;prev_fmts=0x0&#038;nras=1&#038;correlator=4792515252699&#038;rume=1&#038;frm=20&#038;pv=1&#038;u_tz=180&#038;u_his=1&#038;u_h=1080&#038;u_w=1920&#038;u_ah=1032&#038;u_aw=1920&#038;u_cd=24&#038;u_sd=1&#038;dmc=8&#038;adx=533&#038;ady=1486&#038;biw=1905&#038;bih=951&#038;scr_x=0&#038;scr_y=0&#038;eid=31094243%2C95362656%2C95366795%2C95369196%2C95369705%2C95369798%2C42533294%2C95368523%2C95359265%2C95369789%2C31061691%2C31061692&#038;oid=2&#038;pvsid=3180392673059480&#038;tmod=1568264920&#038;uas=3&#038;nvt=1&#038;ref=https%3A%2F%2Fl.facebook.com%2F&#038;fc=1920&#038;brdim=0%2C0%2C0%2C0%2C1920%2C0%2C1920%2C1032%2C1920%2C951&#038;vis=1&#038;rsz=%7C%7CpEebr%7C&#038;abl=CS&#038;pfx=0&#038;fu=128&#038;bc=31&#038;bz=1&#038;psd=W251bGwsbnVsbCxudWxsLDNd&#038;pgls=CAEQBRoGMy4zMS4y&#038;ifi=2&#038;uci=a!2&#038;btvi=1&#038;fsb=1&#038;dtd=3973<\/p>\n\n\n\n<hr class=\"wp-block-separator has-alpha-channel-opacity\"\/>\n\n\n\n<h3 class=\"wp-block-heading\">Magda Umer : \u201eNie by\u0142oby mnie na scenie, gdyby nie ona\u2026\u201d<\/h3>\n\n\n\n<blockquote class=\"wp-block-quote is-layout-flow wp-block-quote-is-layout-flow\">\n<p><em>\u201eAnia by\u0142a t\u0105, kt\u00f3ra pierwszy raz powiedzia\u0142a mi: \u2018Masz g\u0142os, kt\u00f3ry tuli ludzi\u2019. Da\u0142a mi odwag\u0119, gdy ca\u0142y \u015bwiat mi jej odmawia\u0142. Dzi\u0119ki niej zacz\u0119\u0142am \u015bpiewa\u0107 do wn\u0119trza, nie tylko do mikrofonu. Jej odej\u015bcie boli tak, jakby wyrwano ze mnie kawa\u0142ek duszy\u2026\u201d<\/em><\/p>\n<\/blockquote>\n\n\n\n<p>Dla Umer, kt\u00f3ra zawsze uchodzi\u0142a za wra\u017cliw\u0105 artystk\u0119, obdarzon\u0105 unikaln\u0105 umiej\u0119tno\u015bci\u0105 przekazywania emocji, Anna Jakubczak by\u0142a nauczycielk\u0105 nie tylko g\u0142osu, ale&nbsp;<strong>intymnej prawdy scenicznej<\/strong>, tej, kt\u00f3ra nie krzyczy, a szeptem dotyka duszy.<\/p>\n\n\n\n<hr class=\"wp-block-separator has-alpha-channel-opacity\"\/>\n\n\n\n<h3 class=\"wp-block-heading\">&nbsp;\u017begnaj, moja opiekunko duszy<\/h3>\n\n\n\n<p>Prof. Anna Jakubczak przez blisko 40 lat pracowa\u0142a w jednej z renomowanych warszawskich uczelni artystycznych. Znana z \u0142agodno\u015bci, ale i bezkompromisowej szczero\u015bci, by\u0142a jedn\u0105 z niewielu os\u00f3b, kt\u00f3re nie tylko technicznie przygotowywa\u0142y artyst\u00f3w, ale i&nbsp;<strong>kszta\u0142towa\u0142y ich cz\u0142owiecze\u0144stwo<\/strong>.<\/p>\n\n\n\n<blockquote class=\"wp-block-quote is-layout-flow wp-block-quote-is-layout-flow\">\n<p><em>\u201ePisa\u0142a mi listy, gdy mia\u0142am depresj\u0119. Przytula\u0142a, kiedy \u015bwiat by\u0142 zbyt g\u0142o\u015bny. By\u0142a moj\u0105 przystani\u0105, moim cichym \u015bwiat\u0142em. Wiedzia\u0142a, kiedy m\u00f3wi\u0107 \u2013 i kiedy po prostu by\u0107 obok.\u201d<\/em>&nbsp;\u2013 wyzna\u0142a Umer.<\/p>\n<\/blockquote>\n\n\n\n<p>Zwi\u0105zane z ni\u0105 pokolenia student\u00f3w wspominaj\u0105 j\u0105 jako osob\u0119, kt\u00f3ra \u201enie uczy\u0142a zawodu \u2013 uczy\u0142a odwagi\u201d. Jej zaj\u0119cia przypomina\u0142y cz\u0119sto&nbsp;<strong>terapi\u0119 duszy<\/strong>, podczas kt\u00f3rych nie tylko \u0107wiczono dykcj\u0119 i akcent, ale przede wszystkim uczono&nbsp;<strong>jak by\u0107 cz\u0142owiekiem w sztuce<\/strong>.<\/p>\n\n\n\n<p>https:\/\/googleads.g.doubleclick.net\/pagead\/ads?gdpr=1&#038;gdpr_consent=CQWtIsAQWtIsAEsACBENB5FoAP_gAEPgACJwK1IB_C7EbCFCiDp3IKMEMAhHABBAYsAwAAYBAwAADBIQIAQCgkEYBASAFCACCAAAKASBAAAgCAAAAUAAIAAVAABAAAwAIBAIIAAAgAAAAEAIAAAACIAAEQCAAAAEAEAAkAgAAAIASAAAAAAAAACBAAAAAAAAAAAAAAAABAAAAQAAQAAAAAAAiAAAAAAAABAIAAAAAAAAAAAAAAAAAAAAAAgAAAAAAAAAABAAAAAAAQR2QD-F2I2EKFEHCuQUYIYBCuACAAxYBgAAwCBgAAGCQgQAgFJIIkCAEAIEAAEAAAQAgCAABQEBAAAIAAAAAqAACAABgAQCAQQIABAAAAgIAAAAAAEQAAIgEAAAAIAIABABAAAAQAkAAAAAAAAAECAAAAAAAAAAAAAAAAAAAAAEABgAAAAAABEAAAAAAAACAQIAAA&#038;addtl_consent=2~61.89.122.184.196.230.314.442.445.494.550.576.827.1029.1033.1046.1047.1051.1097.1126.1166.1301.1342.1415.1725.1765.1942.1958.1987.2068.2072.2074.2107.2213.2219.2223.2224.2328.2331.2387.2416.2501.2567.2568.2575.2657.2686.2778.2869.2878.2908.2920.2963.3005.3023.3100.3126.3219.3234.3235.3253.3309.3731.6931.8931.13731.15731~dv.&#038;client=ca-pub-2620147183546117&#038;output=html&#038;h=280&#038;slotname=1183626055&#038;adk=1996506410&#038;adf=4023734178&#038;pi=t.ma~as.1183626055&#038;w=613&#038;fwrn=4&#038;fwrnh=0&#038;lmt=1756137420&#038;rafmt=1&#038;armr=3&#038;format=613&#215;280&#038;url=https%3A%2F%2Fretelemele.ro%2Fmagda-umer-w-glebokim-zalu%2F%3Ffbclid%3DIwY2xjawMZZxdleHRuA2FlbQIxMABicmlkETFQS1BBeG50WlBrVlRGT09pAR6R6epODqcTw0apUkdKIJUxaD2ai8jnR5NrC55vJf2srEbJZHnrlMRRka932g_aem_2XO9i_QzaH2EParJYVIBYQ&#038;host=ca-host-pub-2644536267352236&#038;fwr=0&#038;rpe=1&#038;resp_fmts=3&#038;wgl=1&#038;uach=WyJXaW5kb3dzIiwiMTkuMC4wIiwieDg2IiwiIiwiMTM5LjAuMC4wIixudWxsLDAsbnVsbCwiNjQiLFtbIk5vdDtBPUJyYW5kIiwiOTkuMC4wLjAiXSxbIkJyYXZlIiwiMTM5LjAuMC4wIl0sWyJDaHJvbWl1bSIsIjEzOS4wLjAuMCJdXSwwXQ..&#038;abgtt=7&#038;dt=1756137416288&#038;bpp=1&#038;bdt=326&#038;idt=270&#038;shv=r20250820&#038;mjsv=m202508190101&#038;ptt=9&#038;saldr=aa&#038;abxe=1&#038;cookie=ID%3Dbdd6142b1f2c3975%3AT%3D1754645923%3ART%3D1756024418%3AS%3DALNI_MaeQt4oyh2TKHHVvtvlKRIBbmL4RQ&#038;gpic=UID%3D00001248d5feb6ef%3AT%3D1754645923%3ART%3D1756024418%3AS%3DALNI_MbjMwYRFgT_KpfYd-aTICwrkL_Dvw&#038;eo_id_str=ID%3D93c61c74babebdf6%3AT%3D1754645923%3ART%3D1756024418%3AS%3DAA-AfjaVSz559CPxwm3-UVkILG86&#038;prev_fmts=0x0%2C613x280&#038;nras=1&#038;correlator=4792515252699&#038;rume=1&#038;frm=20&#038;pv=1&#038;rplot=4&#038;u_tz=180&#038;u_his=1&#038;u_h=1080&#038;u_w=1920&#038;u_ah=1032&#038;u_aw=1920&#038;u_cd=24&#038;u_sd=1&#038;dmc=8&#038;adx=533&#038;ady=2794&#038;biw=1905&#038;bih=951&#038;scr_x=0&#038;scr_y=0&#038;eid=31094243%2C95362656%2C95366795%2C95369196%2C95369705%2C95369798%2C42533294%2C95368523%2C95359265%2C95369789%2C31061691%2C31061692&#038;oid=2&#038;pvsid=3180392673059480&#038;tmod=1568264920&#038;uas=3&#038;nvt=1&#038;ref=https%3A%2F%2Fl.facebook.com%2F&#038;fc=1920&#038;brdim=0%2C0%2C0%2C0%2C1920%2C0%2C1920%2C1032%2C1920%2C951&#038;vis=1&#038;rsz=%7C%7CpEebr%7C&#038;abl=CS&#038;pfx=0&#038;fu=128&#038;bc=31&#038;bz=1&#038;psd=W251bGwsbnVsbCxudWxsLDNd&#038;pgls=CAEQBRoGMy4zMS4y&#038;ifi=3&#038;uci=a!3&#038;btvi=2&#038;fsb=1&#038;dtd=3974<\/p>\n\n\n\n<hr class=\"wp-block-separator has-alpha-channel-opacity\"\/>\n\n\n\n<h3 class=\"wp-block-heading\">&nbsp;Poruszenie w \u015brodowisku artystycznym<\/h3>\n\n\n\n<p>Pogrzeb profesor Jakubczak odby\u0142 si\u0119 na warszawskich Pow\u0105zkach w ciep\u0142e, lipcowe przedpo\u0142udnie. W\u015br\u00f3d obecnych byli aktorzy, \u015bpiewacy, re\u017cyserzy, absolwenci i dziennikarze. Przy grobie, obok wie\u0144c\u00f3w z napisem \u201eNajczulszej nauczycielce \u2013 Twoje dzieci sceniczne\u201d, zabrzmia\u0142a symbolicznie piosenka Magdy Umer:&nbsp;<strong>\u201eOczy tej ma\u0142ej\u201d<\/strong>.<\/p>\n\n\n\n<p>W mediach spo\u0142eczno\u015bciowych pojawi\u0142y si\u0119 wzruszaj\u0105ce wpisy:<\/p>\n\n\n\n<ul class=\"wp-block-list\">\n<li><strong>Anna Dymna<\/strong>:\u00a0<em>\u201eJej g\u0142os brzmia\u0142 nawet, gdy milcza\u0142a. Zmieni\u0142a moje podej\u015bcie do grania \u2013 nauczy\u0142a mnie, \u017ce nie trzeba krzycze\u0107, by poruszy\u0107 widza.\u201d<\/em><\/li>\n\n\n\n<li><strong>Piotr Fronczewski<\/strong>:\u00a0<em>\u201eTo by\u0142a artystyczna matka pokolenia. Wielu z nas jej wszystko zawdzi\u0119cza.\u201d<\/em><\/li>\n\n\n\n<li><strong>Fundacja im. Agnieszki Osieckiej<\/strong>:\u00a0<em>\u201eBy\u0142a cisz\u0105, kt\u00f3ra krzycza\u0142a talentem. Takie osoby nie odchodz\u0105 \u2013 zostaj\u0105 w ka\u017cdym wersie piosenki i w ka\u017cdym dr\u017ceniu g\u0142osu.\u201d<\/em><\/li>\n<\/ul>\n\n\n\n<hr class=\"wp-block-separator has-alpha-channel-opacity\"\/>\n\n\n\n<h3 class=\"wp-block-heading\">&nbsp;Z notatnika Anny: \u201eNie ucz g\u0142osem \u2013 ucz sercem\u201d<\/h3>\n\n\n\n<p>Znajomi wspominaj\u0105, \u017ce prof. Jakubczak do ostatnich dni prowadzi\u0142a zapiski \u2013 kr\u00f3tkie notatki o uczniach, utworach, emocjach. W jednej z ostatnich stron znalaz\u0142 si\u0119 cytat, kt\u00f3ry Magda Umer udost\u0119pni\u0142a:<\/p>\n\n\n\n<blockquote class=\"wp-block-quote is-layout-flow wp-block-quote-is-layout-flow\">\n<p><em>\u201eNie ucz g\u0142osem \u2013 ucz sercem. Technika bez mi\u0142o\u015bci brzmi jak echo w pustym ko\u015bciele.\u201d<\/em><\/p>\n<\/blockquote>\n\n\n\n<p>Te s\u0142owa \u2013 proste, a jak\u017ce g\u0142\u0119bokie \u2013 pokazuj\u0105 filozofi\u0119 pracy artystki, kt\u00f3ra nie szuka\u0142a aplauzu, lecz&nbsp;<strong>prawdy w d\u017awi\u0119ku<\/strong>.<\/p>\n\n\n\n<hr class=\"wp-block-separator has-alpha-channel-opacity\"\/>\n\n\n\n<h3 class=\"wp-block-heading\">Magda Umer : \u201eNie zd\u0105\u017cy\u0142am powiedzie\u0107 jej wszystkiego\u2026\u201d<\/h3>\n\n\n\n<h3 class=\"wp-block-heading\"><a href=\"https:\/\/retelemele.ro\/wp-content\/uploads\/2025\/07\/magda_umer_1973_fot_maciej_musial_pap_19730000_17o-s.webp\"><\/a><\/h3>\n\n\n\n<p>Na zako\u0144czenie wpisu, Umer napisa\u0142a:<\/p>\n\n\n\n<blockquote class=\"wp-block-quote is-layout-flow wp-block-quote-is-layout-flow\">\n<p><em>\u201eB\u0119d\u0119 \u015bpiewa\u0107 dalej, ale ju\u017c nigdy nie poczuj\u0119 tej pewno\u015bci, \u017ce Ona gdzie\u015b s\u0142ucha. Mo\u017ce teraz \u015bpiewa razem z Osieck\u0105, przy stoliku z herbat\u0105 i notatnikiem. A ja\u2026 ja b\u0119d\u0119 pr\u00f3bowa\u0107 \u017cy\u0107 dalej \u2013 cho\u0107 z sercem ci\u0119\u017cszym o jedno milczenie.\u201d<\/em><\/p>\n\n\n\n<h3 class=\"wp-block-heading\">Magda Umer : \u201eNie chc\u0119 \u015bpiewa\u0107 bez niej\u2026 ale wiem, \u017ce by tego nie chcia\u0142a\u201d<\/h3>\n\n\n\n<blockquote class=\"wp-block-quote is-layout-flow wp-block-quote-is-layout-flow\">\n<p><em>\u201eOd kiedy odesz\u0142a, trudno mi z\u0142apa\u0107 oddech mi\u0119dzy wersami. G\u0142os si\u0119 \u0142amie, a d\u017awi\u0119ki brzmi\u0105 jakby by\u0142y nie moje. Ale wiem jedno: Ania nie pozwoli\u0142aby mi si\u0119 podda\u0107. S\u0142ysz\u0119 j\u0105, jak m\u00f3wi: \u2018Magdo, id\u017a dalej. Bo ka\u017cdy, kto \u015bpiewa z serca, \u015bpiewa te\u017c za tych, kt\u00f3rzy ju\u017c milcz\u0105.\u2019\u201d<\/em>&nbsp;\u2013 napisa\u0142a artystka w kolejnym po\u015bcie, dzie\u0144 po pogrzebie.<\/p>\n<\/blockquote>\n\n\n\n<hr class=\"wp-block-separator has-alpha-channel-opacity\"\/>\n\n\n\n<h3 class=\"wp-block-heading\">&nbsp;Fundacja Jej Imienia?<\/h3>\n\n\n\n<p>W kuluarach \u015brodowiska artystycznego pojawiaj\u0105 si\u0119 ju\u017c g\u0142osy o tym, \u017ce \u017cycie i dziedzictwo Anny Jakubczak nie powinno zosta\u0107 zapomniane. Kilku by\u0142ych student\u00f3w zadeklarowa\u0142o ch\u0119\u0107 stworzenia&nbsp;<strong>Fundacji Jej Imienia<\/strong>, kt\u00f3ra mia\u0142aby wspiera\u0107 m\u0142odych artyst\u00f3w z ma\u0142ych miast, niepewnych siebie, ale z \u201etym czym\u015b\u201d, co Anna potrafi\u0142a dostrzec jednym spojrzeniem.<\/p>\n\n\n\n<blockquote class=\"wp-block-quote is-layout-flow wp-block-quote-is-layout-flow\">\n<p><em>\u201eOna kocha\u0142a tych cichych, nie\u015bmia\u0142ych, tych, co siedz\u0105 w ostatniej \u0142awce. To dla nich chcemy dzia\u0142a\u0107 dalej \u2013 w jej duchu.\u201d<\/em><\/p>\n<\/blockquote>\n\n\n\n<hr class=\"wp-block-separator has-alpha-channel-opacity\"\/>\n\n\n\n<h3 class=\"wp-block-heading\">&nbsp;Ksi\u0105\u017cka, kt\u00f3rej nie zd\u0105\u017cy\u0142a doko\u0144czy\u0107<\/h3>\n\n\n\n<p>Wed\u0142ug informacji podanych przez rodzin\u0119, prof. Jakubczak pracowa\u0142a w ostatnich latach nad ksi\u0105\u017ck\u0105 pt.&nbsp;<strong>\u201eZanim wyjdziesz na scen\u0119\u201d<\/strong>&nbsp;\u2013 zbiorem wspomnie\u0144, refleksji pedagogicznych i osobistych list\u00f3w do by\u0142ych uczni\u00f3w. R\u0119kopis pozosta\u0142 niedoko\u0144czony, ale bliscy rozwa\u017caj\u0105 jego publikacj\u0119 po\u015bmiertnie, jako ostatni dar dla \u015bwiata, kt\u00f3ry tak kocha\u0142a.<\/p>\n<\/blockquote>\n\n\n\n<hr class=\"wp-block-separator has-alpha-channel-opacity\"\/>\n\n\n\n<h3 class=\"wp-block-heading\">&nbsp;Czasem ci, kt\u00f3rzy nie stoj\u0105 w \u015bwietle, zostawiaj\u0105 najwi\u0119kszy cie\u0144<\/h3>\n\n\n\n<p>W cieniu sceny, z dala od kamer i blichtru, \u017cyj\u0105 ludzie, kt\u00f3rzy&nbsp;<strong>tworz\u0105 artyst\u00f3w z emocji<\/strong>, a nie z ambicji. Anna Jakubczak by\u0142a jedn\u0105 z nich. Odesz\u0142a po cichu \u2013 jak zawsze \u017cy\u0142a. Ale echo jej pracy b\u0119dzie jeszcze d\u0142ugo rozbrzmiewa\u0107 na scenach, ekranach i w g\u0142osach tych, kt\u00f3rych nauczy\u0142a jak \u201e\u015bpiewa\u0107 dusz\u0105\u201d.<a href=\"https:\/\/retelemele.ro\/author\/retelemele\/\"><\/a><\/p>\n","protected":false},"excerpt":{"rendered":"<p>Magda Umer \u2013 Polska scena kulturalna&nbsp;pogr\u0105\u017cona jest w smutku. Odesz\u0142a&nbsp;prof. Anna Jakubczak, wieloletnia wyk\u0142adowczyni sztuki scenicznej, mentorka, nauczycielka emisji g\u0142osu i interpretacji, a przede wszystkim \u2013 cz\u0142owiek, kt\u00f3ry ukszta\u0142towa\u0142 dziesi\u0105tki artyst\u00f3w, pozostaj\u0105c w cieniu blasku reflektor\u00f3w. Dla jednej osoby by\u0142a jednak czym\u015b znacznie wi\u0119cej: dla&nbsp;Magdy Umer, legendarnej pie\u015bniarki, poetki i re\u017cyserki, by\u0142a duchow\u0105 przewodniczk\u0105, powierniczk\u0105, &#8230; <a title=\"Magda Umer w g\u0142\u0119bokim \u017calu: \u201eOdesz\u0142a kobieta, kt\u00f3ra nauczy\u0142a mnie czu\u0142o\u015bci\u2026 Ju\u017c jej nie przytul\u0119\u201d\" class=\"read-more\" href=\"https:\/\/dobrezrodla.com\/?p=3256\" aria-label=\"Read more about Magda Umer w g\u0142\u0119bokim \u017calu: \u201eOdesz\u0142a kobieta, kt\u00f3ra nauczy\u0142a mnie czu\u0142o\u015bci\u2026 Ju\u017c jej nie przytul\u0119\u201d\">Read more<\/a><\/p>\n","protected":false},"author":1,"featured_media":0,"comment_status":"open","ping_status":"open","sticky":false,"template":"","format":"standard","meta":{"footnotes":""},"categories":[1],"tags":[],"class_list":["post-3256","post","type-post","status-publish","format-standard","hentry","category-uncategorized"],"_links":{"self":[{"href":"https:\/\/dobrezrodla.com\/index.php?rest_route=\/wp\/v2\/posts\/3256","targetHints":{"allow":["GET"]}}],"collection":[{"href":"https:\/\/dobrezrodla.com\/index.php?rest_route=\/wp\/v2\/posts"}],"about":[{"href":"https:\/\/dobrezrodla.com\/index.php?rest_route=\/wp\/v2\/types\/post"}],"author":[{"embeddable":true,"href":"https:\/\/dobrezrodla.com\/index.php?rest_route=\/wp\/v2\/users\/1"}],"replies":[{"embeddable":true,"href":"https:\/\/dobrezrodla.com\/index.php?rest_route=%2Fwp%2Fv2%2Fcomments&post=3256"}],"version-history":[{"count":1,"href":"https:\/\/dobrezrodla.com\/index.php?rest_route=\/wp\/v2\/posts\/3256\/revisions"}],"predecessor-version":[{"id":3257,"href":"https:\/\/dobrezrodla.com\/index.php?rest_route=\/wp\/v2\/posts\/3256\/revisions\/3257"}],"wp:attachment":[{"href":"https:\/\/dobrezrodla.com\/index.php?rest_route=%2Fwp%2Fv2%2Fmedia&parent=3256"}],"wp:term":[{"taxonomy":"category","embeddable":true,"href":"https:\/\/dobrezrodla.com\/index.php?rest_route=%2Fwp%2Fv2%2Fcategories&post=3256"},{"taxonomy":"post_tag","embeddable":true,"href":"https:\/\/dobrezrodla.com\/index.php?rest_route=%2Fwp%2Fv2%2Ftags&post=3256"}],"curies":[{"name":"wp","href":"https:\/\/api.w.org\/{rel}","templated":true}]}}