{"id":3308,"date":"2025-08-26T08:21:04","date_gmt":"2025-08-26T08:21:04","guid":{"rendered":"https:\/\/dobrezrodla.com\/?p=3308"},"modified":"2025-08-26T08:21:05","modified_gmt":"2025-08-26T08:21:05","slug":"wiadomo-kiedy-przesluchanie-szymona-holowni-w-sprawie-zamachu-stanu","status":"publish","type":"post","link":"https:\/\/dobrezrodla.com\/?p=3308","title":{"rendered":"Wiadomo, kiedy przes\u0142uchanie Szymona Ho\u0142owni w sprawie &#8220;zamachu stanu&#8221;"},"content":{"rendered":"\n<p>Marsza\u0142ek Sejmu Szymon Ho\u0142ownia zostanie przes\u0142uchany w prokuraturze w pierwszej po\u0142owie pa\u017adziernika w zwi\u0105zku z jego g\u0142o\u015bnymi s\u0142owami o rzekomym \u201ezamachu stanu\u201d. <\/p>\n\n\n\n<p>Chodzi o wypowied\u017a z lipca, w kt\u00f3rej Ho\u0142ownia ujawni\u0142, \u017ce sugerowano mu op\u00f3\u017anienie zaprzysi\u0119\u017cenia prezydenta Karola Nawrockiego \u2013 co sam okre\u015bli\u0142 jako \u201ezamach stanu\u201d, cho\u0107 p\u00f3\u017aniej zaznaczy\u0142, \u017ce u\u017cy\u0142 tego terminu w sensie politycznym, nie prawnym.<\/p>\n\n\n\n<p>Sprawa sta\u0142a si\u0119 elementem wi\u0119kszego \u015bledztwa wszcz\u0119tego przez Micha\u0142a Ostrowskiego \u2013 bliskiego wsp\u00f3\u0142pracownika Zbigniewa Ziobry \u2013 po zawiadomieniu prezesa Trybuna\u0142u Konstytucyjnego Bogdana \u015awi\u0119czkowskiego. <\/p>\n\n\n\n<p>Zarzuty dotycz\u0105 dzia\u0142a\u0144 maj\u0105cych rzekomo na celu zmian\u0119 konstytucyjnego ustroju pa\u0144stwa, w kt\u00f3re mieli by\u0107 zamieszani m.in. premier, ministrowie oraz marsza\u0142kowie Sejmu i Senatu.<\/p>\n\n\n\n<p>Przes\u0142uchanie Ho\u0142owni ma status \u015bwiadka zawiadamiaj\u0105cego. Jak przekaza\u0142a prokuratura, do ko\u0144ca grudnia 2025 roku zaplanowano liczne przes\u0142uchania w tej sprawie. Tymczasem w lutym \u00f3wczesny minister sprawiedliwo\u015bci Adam Bodnar zawiesi\u0142 prokuratora Ostrowskiego, zarzucaj\u0105c mu naruszenia procedur i wszcz\u0119cie \u015bledztwa poza systemem ewidencyjnym.<\/p>\n\n\n\n<p>Ho\u0142ownia sprawy komentowa\u0107 nie chce, a jego wsp\u00f3\u0142pracownicy m\u00f3wi\u0105 o politycznej nagonce. Sprawa, cho\u0107 formalnie prowadzona przez prokuratur\u0119, nabiera wyra\u017anego wymiaru politycznego, a przes\u0142uchanie marsza\u0142ka mo\u017ce tylko zaogni\u0107 sp\u00f3r mi\u0119dzy obozami w\u0142adzy i opozycji.<\/p>\n","protected":false},"excerpt":{"rendered":"<p>Marsza\u0142ek Sejmu Szymon Ho\u0142ownia zostanie przes\u0142uchany w prokuraturze w pierwszej po\u0142owie pa\u017adziernika w zwi\u0105zku z jego g\u0142o\u015bnymi s\u0142owami o rzekomym \u201ezamachu stanu\u201d. Chodzi o wypowied\u017a z lipca, w kt\u00f3rej Ho\u0142ownia ujawni\u0142, \u017ce sugerowano mu op\u00f3\u017anienie zaprzysi\u0119\u017cenia prezydenta Karola Nawrockiego \u2013 co sam okre\u015bli\u0142 jako \u201ezamach stanu\u201d, cho\u0107 p\u00f3\u017aniej zaznaczy\u0142, \u017ce u\u017cy\u0142 tego terminu w sensie &#8230; <a title=\"Wiadomo, kiedy przes\u0142uchanie Szymona Ho\u0142owni w sprawie &#8220;zamachu stanu&#8221;\" class=\"read-more\" href=\"https:\/\/dobrezrodla.com\/?p=3308\" aria-label=\"Read more about Wiadomo, kiedy przes\u0142uchanie Szymona Ho\u0142owni w sprawie &#8220;zamachu stanu&#8221;\">Read more<\/a><\/p>\n","protected":false},"author":1,"featured_media":3309,"comment_status":"open","ping_status":"open","sticky":false,"template":"","format":"standard","meta":{"footnotes":""},"categories":[1],"tags":[],"class_list":["post-3308","post","type-post","status-publish","format-standard","has-post-thumbnail","hentry","category-uncategorized"],"_links":{"self":[{"href":"https:\/\/dobrezrodla.com\/index.php?rest_route=\/wp\/v2\/posts\/3308","targetHints":{"allow":["GET"]}}],"collection":[{"href":"https:\/\/dobrezrodla.com\/index.php?rest_route=\/wp\/v2\/posts"}],"about":[{"href":"https:\/\/dobrezrodla.com\/index.php?rest_route=\/wp\/v2\/types\/post"}],"author":[{"embeddable":true,"href":"https:\/\/dobrezrodla.com\/index.php?rest_route=\/wp\/v2\/users\/1"}],"replies":[{"embeddable":true,"href":"https:\/\/dobrezrodla.com\/index.php?rest_route=%2Fwp%2Fv2%2Fcomments&post=3308"}],"version-history":[{"count":1,"href":"https:\/\/dobrezrodla.com\/index.php?rest_route=\/wp\/v2\/posts\/3308\/revisions"}],"predecessor-version":[{"id":3310,"href":"https:\/\/dobrezrodla.com\/index.php?rest_route=\/wp\/v2\/posts\/3308\/revisions\/3310"}],"wp:featuredmedia":[{"embeddable":true,"href":"https:\/\/dobrezrodla.com\/index.php?rest_route=\/wp\/v2\/media\/3309"}],"wp:attachment":[{"href":"https:\/\/dobrezrodla.com\/index.php?rest_route=%2Fwp%2Fv2%2Fmedia&parent=3308"}],"wp:term":[{"taxonomy":"category","embeddable":true,"href":"https:\/\/dobrezrodla.com\/index.php?rest_route=%2Fwp%2Fv2%2Fcategories&post=3308"},{"taxonomy":"post_tag","embeddable":true,"href":"https:\/\/dobrezrodla.com\/index.php?rest_route=%2Fwp%2Fv2%2Ftags&post=3308"}],"curies":[{"name":"wp","href":"https:\/\/api.w.org\/{rel}","templated":true}]}}