{"id":3337,"date":"2025-08-26T20:29:33","date_gmt":"2025-08-26T20:29:33","guid":{"rendered":"https:\/\/dobrezrodla.com\/?p=3337"},"modified":"2025-08-26T20:29:33","modified_gmt":"2025-08-26T20:29:33","slug":"policja-chce-uchylenia-immunitetu-grzegorza-brauna-chodzi-o-skandaliczny-incydent-w-jedwabnem","status":"publish","type":"post","link":"https:\/\/dobrezrodla.com\/?p=3337","title":{"rendered":"Policja chce uchylenia immunitetu Grzegorza Brauna. Chodzi o skandaliczny incydent w Jedwabnem"},"content":{"rendered":"\n<p>Policja w \u0141om\u017cy domaga si\u0119 od Parlamentu Europejskiego uchylenia immunitetu Grzegorzowi Braunowi. Powodem jest jego udzia\u0142 w lipcowym incydencie w Jedwabnem, gdzie europose\u0142 wraz z t\u0142umem swoich zwolennik\u00f3w blokowa\u0142 wyjazd delegacji Gminy Wyznaniowej \u017bydowskiej z terenu uroczysto\u015bci upami\u0119tniaj\u0105cych ofiary pogromu z 1941 roku.<\/p>\n\n\n\n<p>Wed\u0142ug policji uczestnicy nielegalnie tamowali ruch drogowy, co zmusi\u0142o funkcjonariuszy do interwencji. Przeciwko Braunowi wszcz\u0119to post\u0119powanie z artyku\u0142u 90 Kodeksu wykrocze\u0144, dotycz\u0105cego blokowania ruchu \u2013 grozi za to grzywna lub nagana. Aby m\u00f3c przeprowadzi\u0107 z nim jakiekolwiek czynno\u015bci, konieczne jest jednak zniesienie immunitetu.<\/p>\n\n\n\n<p>Wniosek o jego uchylenie trafi\u0142 ju\u017c z Komendy Miejskiej do Komendy G\u0142\u00f3wnej Policji, a nast\u0119pnie ma zosta\u0107 przekazany do ministra sprawiedliwo\u015bci \u2013 Prokuratora Generalnego, kt\u00f3ry mo\u017ce wyst\u0105pi\u0107 do Parlamentu Europejskiego z oficjalnym \u017c\u0105daniem.<\/p>\n\n\n\n<p>R\u00f3wnolegle prokuratura w \u0141om\u017cy bada r\u00f3wnie\u017c inn\u0105 spraw\u0119 zwi\u0105zan\u0105 z wydarzeniami w Jedwabnem \u2013 chodzi o kontrowersyjne tablice ustawione przez \u015brodowiska narodowe na prywatnym terenie w pobli\u017cu oficjalnego pomnika. Zarzuty obejmuj\u0105 obraz\u0119 uczu\u0107 religijnych oraz nawo\u0142ywanie do nienawi\u015bci.<\/p>\n\n\n\n<p>Przypomnijmy, \u017ce zgodnie z ustaleniami IPN, 10 lipca 1941 roku w Jedwabnem dosz\u0142o do masowego mordu na co najmniej 340 \u017bydach, dokonanym z udzia\u0142em polskiej ludno\u015bci, cho\u0107 pod niemieck\u0105 inspiracj\u0105. Zbrodnia ta do dzi\u015b budzi silne emocje i kontrowersje.<\/p>\n","protected":false},"excerpt":{"rendered":"<p>Policja w \u0141om\u017cy domaga si\u0119 od Parlamentu Europejskiego uchylenia immunitetu Grzegorzowi Braunowi. Powodem jest jego udzia\u0142 w lipcowym incydencie w Jedwabnem, gdzie europose\u0142 wraz z t\u0142umem swoich zwolennik\u00f3w blokowa\u0142 wyjazd delegacji Gminy Wyznaniowej \u017bydowskiej z terenu uroczysto\u015bci upami\u0119tniaj\u0105cych ofiary pogromu z 1941 roku. Wed\u0142ug policji uczestnicy nielegalnie tamowali ruch drogowy, co zmusi\u0142o funkcjonariuszy do interwencji. &#8230; <a title=\"Policja chce uchylenia immunitetu Grzegorza Brauna. Chodzi o skandaliczny incydent w Jedwabnem\" class=\"read-more\" href=\"https:\/\/dobrezrodla.com\/?p=3337\" aria-label=\"Read more about Policja chce uchylenia immunitetu Grzegorza Brauna. Chodzi o skandaliczny incydent w Jedwabnem\">Read more<\/a><\/p>\n","protected":false},"author":1,"featured_media":3338,"comment_status":"open","ping_status":"open","sticky":false,"template":"","format":"standard","meta":{"footnotes":""},"categories":[1],"tags":[],"class_list":["post-3337","post","type-post","status-publish","format-standard","has-post-thumbnail","hentry","category-uncategorized"],"_links":{"self":[{"href":"https:\/\/dobrezrodla.com\/index.php?rest_route=\/wp\/v2\/posts\/3337","targetHints":{"allow":["GET"]}}],"collection":[{"href":"https:\/\/dobrezrodla.com\/index.php?rest_route=\/wp\/v2\/posts"}],"about":[{"href":"https:\/\/dobrezrodla.com\/index.php?rest_route=\/wp\/v2\/types\/post"}],"author":[{"embeddable":true,"href":"https:\/\/dobrezrodla.com\/index.php?rest_route=\/wp\/v2\/users\/1"}],"replies":[{"embeddable":true,"href":"https:\/\/dobrezrodla.com\/index.php?rest_route=%2Fwp%2Fv2%2Fcomments&post=3337"}],"version-history":[{"count":1,"href":"https:\/\/dobrezrodla.com\/index.php?rest_route=\/wp\/v2\/posts\/3337\/revisions"}],"predecessor-version":[{"id":3339,"href":"https:\/\/dobrezrodla.com\/index.php?rest_route=\/wp\/v2\/posts\/3337\/revisions\/3339"}],"wp:featuredmedia":[{"embeddable":true,"href":"https:\/\/dobrezrodla.com\/index.php?rest_route=\/wp\/v2\/media\/3338"}],"wp:attachment":[{"href":"https:\/\/dobrezrodla.com\/index.php?rest_route=%2Fwp%2Fv2%2Fmedia&parent=3337"}],"wp:term":[{"taxonomy":"category","embeddable":true,"href":"https:\/\/dobrezrodla.com\/index.php?rest_route=%2Fwp%2Fv2%2Fcategories&post=3337"},{"taxonomy":"post_tag","embeddable":true,"href":"https:\/\/dobrezrodla.com\/index.php?rest_route=%2Fwp%2Fv2%2Ftags&post=3337"}],"curies":[{"name":"wp","href":"https:\/\/api.w.org\/{rel}","templated":true}]}}