{"id":3340,"date":"2025-08-26T20:30:29","date_gmt":"2025-08-26T20:30:29","guid":{"rendered":"https:\/\/dobrezrodla.com\/?p=3340"},"modified":"2025-08-26T20:30:29","modified_gmt":"2025-08-26T20:30:29","slug":"swiat-reaguje-na-weto-nawrockiego-media-cios-dla-kijowa-impas-w-warszawie","status":"publish","type":"post","link":"https:\/\/dobrezrodla.com\/?p=3340","title":{"rendered":"\u015awiat reaguje na weto Nawrockiego. Media: \u201eCios dla Kijowa\u201d, \u201eimpas w Warszawie\u201d"},"content":{"rendered":"\n<p>Decyzja prezydenta Karola Nawrockiego o zawetowaniu ustawy o pomocy Ukrai\u0144com odbi\u0142a si\u0119 szerokim echem w mi\u0119dzynarodowych mediach. Zagraniczna prasa skupia si\u0119 przede wszystkim na dw\u00f3ch w\u0105tkach: ograniczeniu dost\u0119pu do \u015bwiadczenia 800+ oraz zagro\u017ceniu dla finansowania systemu Starlink, kluczowego dla ukrai\u0144skiej \u0142\u0105czno\u015bci wojennej.<\/p>\n\n\n\n<p>Reuters, Bloomberg, BBC, \u201eGuardian\u201d, \u201eKyiv Independent\u201d czy \u0218tirile Pro TV podkre\u015blaj\u0105, \u017ce Polska \u2013 dotychczas uwa\u017cana za lojalnego sojusznika Ukrainy \u2013 pogr\u0105\u017ca si\u0119 w wewn\u0119trznym sporze, kt\u00f3ry mo\u017ce odbi\u0107 si\u0119 na realnym wsparciu dla Kijowa. Cytowany przez zagraniczne media wicepremier Krzysztof Gawkowski ostrzega\u0142, \u017ce decyzja prezydenta \u201ede facto wy\u0142\u0105cza Ukrainie internet\u201d.<\/p>\n\n\n\n<p>\u201eGuardian\u201d wskazuje, \u017ce weto Nawrockiego by\u0142o realizacj\u0105 jego wyborczych zapowiedzi o zaostrzeniu polityki socjalnej wobec Ukrai\u0144c\u00f3w \u2013 nawet kosztem pogorszenia wizerunku Polski na arenie mi\u0119dzynarodowej. Brytyjski dziennik zwraca uwag\u0119 na rosn\u0105ce nastroje antyukrai\u0144skie w Polsce i narastaj\u0105ce napi\u0119cia mi\u0119dzy prezydentem a proeuropejskim rz\u0105dem Donalda Tuska.<\/p>\n\n\n\n<p>BBC przypomina, \u017ce zawetowana ustawa dotyczy\u0142a r\u00f3wnie\u017c przed\u0142u\u017cenia ochrony tymczasowej dla uchod\u017ac\u00f3w i legalizacji ich pobytu. R\u00f3wnocze\u015bnie ukrai\u0144skie MSZ \u2013 cytowane przez BBC \u2013 wyrazi\u0142o nadziej\u0119, \u017ce Polska nadal b\u0119dzie chroni\u0107 prawa Ukrai\u0144c\u00f3w tak samo jak inne kraje UE.<\/p>\n\n\n\n<p>W podobnym tonie wypowiada si\u0119 te\u017c rumu\u0144ski portal \u0218tirile Pro TV, kt\u00f3ry nazywa decyzj\u0119 \u201eciosem dla Kijowa\u201d, zwracaj\u0105c uwag\u0119 na kontrast pomi\u0119dzy wcze\u015bniejszym wsparciem Polski a obecnym ch\u0142odem politycznym. Dziennikarze z Islandii przypominaj\u0105 natomiast, \u017ce ograniczenie \u015bwiadcze\u0144 dla Ukrai\u0144c\u00f3w by\u0142o elementem kampanii Nawrockiego i zaznaczaj\u0105 wzrost niech\u0119ci wobec uchod\u017ac\u00f3w.<\/p>\n","protected":false},"excerpt":{"rendered":"<p>Decyzja prezydenta Karola Nawrockiego o zawetowaniu ustawy o pomocy Ukrai\u0144com odbi\u0142a si\u0119 szerokim echem w mi\u0119dzynarodowych mediach. Zagraniczna prasa skupia si\u0119 przede wszystkim na dw\u00f3ch w\u0105tkach: ograniczeniu dost\u0119pu do \u015bwiadczenia 800+ oraz zagro\u017ceniu dla finansowania systemu Starlink, kluczowego dla ukrai\u0144skiej \u0142\u0105czno\u015bci wojennej. Reuters, Bloomberg, BBC, \u201eGuardian\u201d, \u201eKyiv Independent\u201d czy \u0218tirile Pro TV podkre\u015blaj\u0105, \u017ce Polska &#8230; <a title=\"\u015awiat reaguje na weto Nawrockiego. Media: \u201eCios dla Kijowa\u201d, \u201eimpas w Warszawie\u201d\" class=\"read-more\" href=\"https:\/\/dobrezrodla.com\/?p=3340\" aria-label=\"Read more about \u015awiat reaguje na weto Nawrockiego. Media: \u201eCios dla Kijowa\u201d, \u201eimpas w Warszawie\u201d\">Read more<\/a><\/p>\n","protected":false},"author":1,"featured_media":3341,"comment_status":"open","ping_status":"open","sticky":false,"template":"","format":"standard","meta":{"footnotes":""},"categories":[1],"tags":[],"class_list":["post-3340","post","type-post","status-publish","format-standard","has-post-thumbnail","hentry","category-uncategorized"],"_links":{"self":[{"href":"https:\/\/dobrezrodla.com\/index.php?rest_route=\/wp\/v2\/posts\/3340","targetHints":{"allow":["GET"]}}],"collection":[{"href":"https:\/\/dobrezrodla.com\/index.php?rest_route=\/wp\/v2\/posts"}],"about":[{"href":"https:\/\/dobrezrodla.com\/index.php?rest_route=\/wp\/v2\/types\/post"}],"author":[{"embeddable":true,"href":"https:\/\/dobrezrodla.com\/index.php?rest_route=\/wp\/v2\/users\/1"}],"replies":[{"embeddable":true,"href":"https:\/\/dobrezrodla.com\/index.php?rest_route=%2Fwp%2Fv2%2Fcomments&post=3340"}],"version-history":[{"count":1,"href":"https:\/\/dobrezrodla.com\/index.php?rest_route=\/wp\/v2\/posts\/3340\/revisions"}],"predecessor-version":[{"id":3342,"href":"https:\/\/dobrezrodla.com\/index.php?rest_route=\/wp\/v2\/posts\/3340\/revisions\/3342"}],"wp:featuredmedia":[{"embeddable":true,"href":"https:\/\/dobrezrodla.com\/index.php?rest_route=\/wp\/v2\/media\/3341"}],"wp:attachment":[{"href":"https:\/\/dobrezrodla.com\/index.php?rest_route=%2Fwp%2Fv2%2Fmedia&parent=3340"}],"wp:term":[{"taxonomy":"category","embeddable":true,"href":"https:\/\/dobrezrodla.com\/index.php?rest_route=%2Fwp%2Fv2%2Fcategories&post=3340"},{"taxonomy":"post_tag","embeddable":true,"href":"https:\/\/dobrezrodla.com\/index.php?rest_route=%2Fwp%2Fv2%2Ftags&post=3340"}],"curies":[{"name":"wp","href":"https:\/\/api.w.org\/{rel}","templated":true}]}}