{"id":3371,"date":"2025-08-27T18:22:57","date_gmt":"2025-08-27T18:22:57","guid":{"rendered":"https:\/\/dobrezrodla.com\/?p=3371"},"modified":"2025-08-27T18:22:58","modified_gmt":"2025-08-27T18:22:58","slug":"nawrocki-vs-tusk-rada-gabinetowa-zamienila-sie-w-polityczna-scene-padly-uszczypliwosci-weta-i-zarzuty-chaosu","status":"publish","type":"post","link":"https:\/\/dobrezrodla.com\/?p=3371","title":{"rendered":"Nawrocki vs. Tusk. Rada Gabinetowa zamieni\u0142a si\u0119 w polityczn\u0105 scen\u0119 \u2013 pad\u0142y uszczypliwo\u015bci, weta i zarzuty chaosu"},"content":{"rendered":"\n<p>To mia\u0142o by\u0107 spotkanie w duchu wsp\u00f3\u0142pracy. Zamiast tego \u015brodowa Rada Gabinetowa zamieni\u0142a si\u0119 w emocjonuj\u0105ce starcie pomi\u0119dzy prezydentem Karolem Nawrockim a premierem Donaldem Tuskiem. <\/p>\n\n\n\n<p>I cho\u0107 oficjalnie m\u00f3wiono o &#8220;mapie drogowej wsp\u00f3\u0142pracy&#8221;, to w rzeczywisto\u015bci pojawi\u0142y si\u0119 wzajemne zarzuty, weto i ostrze\u017cenia o finansowym kryzysie.<\/p>\n\n\n\n<p>Nawrocki rozpocz\u0105\u0142 od oskar\u017cenia rz\u0105du o chaos legislacyjny i brak jasno\u015bci w dzia\u0142aniu. Wprost domaga\u0142 si\u0119, by ministrowie \u201ezaktualizowali swoje 100 konkret\u00f3w\u201d i jasno okre\u015blili, czy dotrzymaj\u0105 przedwyborczych obietnic. <\/p>\n\n\n\n<p>Wspomnia\u0142 te\u017c o zawetowanej ustawie, kt\u00f3ra \u2013 wed\u0142ug niego \u2013 mia\u0142a zagwarantowa\u0107 \u015bwiadczenie 800 plus wy\u0142\u0105cznie pracuj\u0105cym Ukrai\u0144com.<\/p>\n\n\n\n<p>\u2013 \u017by\u0142em w przekonaniu, \u017ce to postulat wsp\u00f3lny z premierem. Tymczasem moje decyzje s\u0105 teraz kwestionowane \u2013 m\u00f3wi\u0142 prezydent.<\/p>\n\n\n\n<p>Tusk nie pozosta\u0142 d\u0142u\u017cny. Odpowiedzia\u0142, \u017ce prezydent \u201ema braki informacyjne\u201d i przypomnia\u0142, \u017ce to rz\u0105d wprowadzi\u0142 mechanizmy kontroli nad \u015bwiadczeniami dla migrant\u00f3w. \u2013 Weto prezydenta mo\u017ce mie\u0107 przykre konsekwencje, tak\u017ce dla polskich firm \u2013 ostrzega\u0142.<\/p>\n\n\n\n<p>Premier ostro skrytykowa\u0142 te\u017c gospodarcze alarmy Nawrockiego, podkre\u015blaj\u0105c, \u017ce \u201edzi\u015b mamy jedn\u0105 z najni\u017cszych inflacji w Europie\u201d, a rz\u0105d inwestuje rekordowe \u015brodki m.in. w infrastruktur\u0119 i obronno\u015b\u0107.<\/p>\n\n\n\n<p>Spotkanie, cho\u0107 oficjalnie merytoryczne, sta\u0142o si\u0119 okazj\u0105 do wyra\u017anego zaznaczenia, \u017ce wsp\u00f3\u0142praca mi\u0119dzy Pa\u0142acem Prezydenckim a Kancelari\u0105 Premiera mo\u017ce by\u0107&#8230; trudna.<\/p>\n","protected":false},"excerpt":{"rendered":"<p>To mia\u0142o by\u0107 spotkanie w duchu wsp\u00f3\u0142pracy. Zamiast tego \u015brodowa Rada Gabinetowa zamieni\u0142a si\u0119 w emocjonuj\u0105ce starcie pomi\u0119dzy prezydentem Karolem Nawrockim a premierem Donaldem Tuskiem. I cho\u0107 oficjalnie m\u00f3wiono o &#8220;mapie drogowej wsp\u00f3\u0142pracy&#8221;, to w rzeczywisto\u015bci pojawi\u0142y si\u0119 wzajemne zarzuty, weto i ostrze\u017cenia o finansowym kryzysie. Nawrocki rozpocz\u0105\u0142 od oskar\u017cenia rz\u0105du o chaos legislacyjny i &#8230; <a title=\"Nawrocki vs. Tusk. Rada Gabinetowa zamieni\u0142a si\u0119 w polityczn\u0105 scen\u0119 \u2013 pad\u0142y uszczypliwo\u015bci, weta i zarzuty chaosu\" class=\"read-more\" href=\"https:\/\/dobrezrodla.com\/?p=3371\" aria-label=\"Read more about Nawrocki vs. Tusk. Rada Gabinetowa zamieni\u0142a si\u0119 w polityczn\u0105 scen\u0119 \u2013 pad\u0142y uszczypliwo\u015bci, weta i zarzuty chaosu\">Read more<\/a><\/p>\n","protected":false},"author":1,"featured_media":3372,"comment_status":"open","ping_status":"open","sticky":false,"template":"","format":"standard","meta":{"footnotes":""},"categories":[1],"tags":[],"class_list":["post-3371","post","type-post","status-publish","format-standard","has-post-thumbnail","hentry","category-uncategorized"],"_links":{"self":[{"href":"https:\/\/dobrezrodla.com\/index.php?rest_route=\/wp\/v2\/posts\/3371","targetHints":{"allow":["GET"]}}],"collection":[{"href":"https:\/\/dobrezrodla.com\/index.php?rest_route=\/wp\/v2\/posts"}],"about":[{"href":"https:\/\/dobrezrodla.com\/index.php?rest_route=\/wp\/v2\/types\/post"}],"author":[{"embeddable":true,"href":"https:\/\/dobrezrodla.com\/index.php?rest_route=\/wp\/v2\/users\/1"}],"replies":[{"embeddable":true,"href":"https:\/\/dobrezrodla.com\/index.php?rest_route=%2Fwp%2Fv2%2Fcomments&post=3371"}],"version-history":[{"count":1,"href":"https:\/\/dobrezrodla.com\/index.php?rest_route=\/wp\/v2\/posts\/3371\/revisions"}],"predecessor-version":[{"id":3373,"href":"https:\/\/dobrezrodla.com\/index.php?rest_route=\/wp\/v2\/posts\/3371\/revisions\/3373"}],"wp:featuredmedia":[{"embeddable":true,"href":"https:\/\/dobrezrodla.com\/index.php?rest_route=\/wp\/v2\/media\/3372"}],"wp:attachment":[{"href":"https:\/\/dobrezrodla.com\/index.php?rest_route=%2Fwp%2Fv2%2Fmedia&parent=3371"}],"wp:term":[{"taxonomy":"category","embeddable":true,"href":"https:\/\/dobrezrodla.com\/index.php?rest_route=%2Fwp%2Fv2%2Fcategories&post=3371"},{"taxonomy":"post_tag","embeddable":true,"href":"https:\/\/dobrezrodla.com\/index.php?rest_route=%2Fwp%2Fv2%2Ftags&post=3371"}],"curies":[{"name":"wp","href":"https:\/\/api.w.org\/{rel}","templated":true}]}}