{"id":3384,"date":"2025-08-27T18:25:53","date_gmt":"2025-08-27T18:25:53","guid":{"rendered":"https:\/\/dobrezrodla.com\/?p=3384"},"modified":"2025-08-27T18:25:53","modified_gmt":"2025-08-27T18:25:53","slug":"uzyl-jednego-slowa-o-prezydencie-i-stracil-prace-kontrowersje-po-wypowiedzi-dziennikarza","status":"publish","type":"post","link":"https:\/\/dobrezrodla.com\/?p=3384","title":{"rendered":"U\u017cy\u0142 jednego s\u0142owa o prezydencie i straci\u0142 prac\u0119. Kontrowersje po wypowiedzi dziennikarza"},"content":{"rendered":"\n<p>Witalij Mazurenko, dotychczasowy zast\u0119pca redaktora naczelnego portalu Obserwator Mi\u0119dzynarodowy, zosta\u0142 natychmiast zwolniony po tym, jak w programie Polsat <\/p>\n\n\n\n<p>News nazwa\u0142 prezydenta Karola Nawrockiego\u2026 \u201epachanem\u201d \u2013 s\u0142owem z rosyjskiego slangu oznaczaj\u0105cym mafijnego bossa.<\/p>\n\n\n\n<p>Redakcja portalu nie zostawi\u0142a na nim suchej nitki. W specjalnym o\u015bwiadczeniu stanowczo odci\u0119to si\u0119 od s\u0142\u00f3w Mazurenki i podkre\u015blono, \u017ce nie maj\u0105 one<\/p>\n\n\n\n<p> nic wsp\u00f3lnego z warto\u015bciami redakcji. \u2013 Nie tolerujemy podwa\u017cania powagi urz\u0119du Prezydenta RP \u2013 zaznaczyli szefowie redakcji, jednocze\u015bnie og\u0142aszaj\u0105c zako\u0144czenie wsp\u00f3\u0142pracy z dziennikarzem.<\/p>\n\n\n\n<p>Mazurenko po fali krytyki opublikowa\u0142 przeprosiny, w kt\u00f3rych przyzna\u0142, \u017ce jego wypowied\u017a by\u0142a nieprzemy\u015blana i mog\u0142a urazi\u0107 wielu ludzi. \u2013 Z g\u0142\u0119bokim smutkiem przyj\u0105\u0142em, \u017ce moje s\u0142owa zosta\u0142y odebrane jako brak szacunku \u2013 napisa\u0142.<\/p>\n\n\n\n<p>Sprawa wywo\u0142a\u0142a burz\u0119 w mediach spo\u0142eczno\u015bciowych i poruszy\u0142a temat granic wolno\u015bci s\u0142owa w przestrzeni publicznej.<\/p>\n","protected":false},"excerpt":{"rendered":"<p>Witalij Mazurenko, dotychczasowy zast\u0119pca redaktora naczelnego portalu Obserwator Mi\u0119dzynarodowy, zosta\u0142 natychmiast zwolniony po tym, jak w programie Polsat News nazwa\u0142 prezydenta Karola Nawrockiego\u2026 \u201epachanem\u201d \u2013 s\u0142owem z rosyjskiego slangu oznaczaj\u0105cym mafijnego bossa. Redakcja portalu nie zostawi\u0142a na nim suchej nitki. W specjalnym o\u015bwiadczeniu stanowczo odci\u0119to si\u0119 od s\u0142\u00f3w Mazurenki i podkre\u015blono, \u017ce nie maj\u0105 one &#8230; <a title=\"U\u017cy\u0142 jednego s\u0142owa o prezydencie i straci\u0142 prac\u0119. Kontrowersje po wypowiedzi dziennikarza\" class=\"read-more\" href=\"https:\/\/dobrezrodla.com\/?p=3384\" aria-label=\"Read more about U\u017cy\u0142 jednego s\u0142owa o prezydencie i straci\u0142 prac\u0119. Kontrowersje po wypowiedzi dziennikarza\">Read more<\/a><\/p>\n","protected":false},"author":1,"featured_media":3385,"comment_status":"open","ping_status":"open","sticky":false,"template":"","format":"standard","meta":{"footnotes":""},"categories":[1],"tags":[],"class_list":["post-3384","post","type-post","status-publish","format-standard","has-post-thumbnail","hentry","category-uncategorized"],"_links":{"self":[{"href":"https:\/\/dobrezrodla.com\/index.php?rest_route=\/wp\/v2\/posts\/3384","targetHints":{"allow":["GET"]}}],"collection":[{"href":"https:\/\/dobrezrodla.com\/index.php?rest_route=\/wp\/v2\/posts"}],"about":[{"href":"https:\/\/dobrezrodla.com\/index.php?rest_route=\/wp\/v2\/types\/post"}],"author":[{"embeddable":true,"href":"https:\/\/dobrezrodla.com\/index.php?rest_route=\/wp\/v2\/users\/1"}],"replies":[{"embeddable":true,"href":"https:\/\/dobrezrodla.com\/index.php?rest_route=%2Fwp%2Fv2%2Fcomments&post=3384"}],"version-history":[{"count":1,"href":"https:\/\/dobrezrodla.com\/index.php?rest_route=\/wp\/v2\/posts\/3384\/revisions"}],"predecessor-version":[{"id":3386,"href":"https:\/\/dobrezrodla.com\/index.php?rest_route=\/wp\/v2\/posts\/3384\/revisions\/3386"}],"wp:featuredmedia":[{"embeddable":true,"href":"https:\/\/dobrezrodla.com\/index.php?rest_route=\/wp\/v2\/media\/3385"}],"wp:attachment":[{"href":"https:\/\/dobrezrodla.com\/index.php?rest_route=%2Fwp%2Fv2%2Fmedia&parent=3384"}],"wp:term":[{"taxonomy":"category","embeddable":true,"href":"https:\/\/dobrezrodla.com\/index.php?rest_route=%2Fwp%2Fv2%2Fcategories&post=3384"},{"taxonomy":"post_tag","embeddable":true,"href":"https:\/\/dobrezrodla.com\/index.php?rest_route=%2Fwp%2Fv2%2Ftags&post=3384"}],"curies":[{"name":"wp","href":"https:\/\/api.w.org\/{rel}","templated":true}]}}