{"id":3393,"date":"2025-08-27T18:27:21","date_gmt":"2025-08-27T18:27:21","guid":{"rendered":"https:\/\/dobrezrodla.com\/?p=3393"},"modified":"2025-08-27T18:27:21","modified_gmt":"2025-08-27T18:27:21","slug":"tusk-stawia-na-wiatraki-weto-prezydenta-malo-skuteczne-rzad-dziala-mimo-oporu-palacu","status":"publish","type":"post","link":"https:\/\/dobrezrodla.com\/?p=3393","title":{"rendered":"Tusk stawia na wiatraki. \u201eWeto prezydenta? Ma\u0142o skuteczne\u201d \u2013 rz\u0105d dzia\u0142a mimo oporu Pa\u0142acu"},"content":{"rendered":"\n<p>Podczas gor\u0105cej Rady Gabinetowej premier Donald Tusk nie zostawi\u0142 w\u0105tpliwo\u015bci: rz\u0105d nie zrezygnuje z rozwoju energetyki wiatrowej, nawet je\u015bli prezydent Karol Nawrocki stawia weto.<\/p>\n\n\n\n<p>\u2013 Wiatraki b\u0119d\u0105 powstawa\u0142y, i to radykalnie \u2013 og\u0142osi\u0142 Tusk. Doda\u0142, \u017ce rz\u0105d pos\u0142u\u017cy si\u0119 rozporz\u0105dzeniami, kt\u00f3re pozwol\u0105 omin\u0105\u0107 zablokowan\u0105 przez prezydenta nowelizacj\u0119 ustawy. <\/p>\n\n\n\n<p>\u2013 Weto b\u0119dzie ma\u0142o skuteczne \u2013 stwierdzi\u0142 otwarcie.<\/p>\n\n\n\n<p>Sp\u00f3r dotyczy nowelizacji ustawy, kt\u00f3ra mia\u0142a m.in. znie\u015b\u0107 zasad\u0119 10H i umo\u017cliwi\u0107 budow\u0119 turbin 500 metr\u00f3w od dom\u00f3w (zamiast dotychczasowych 700 m). <\/p>\n\n\n\n<p>W pakiecie znalaz\u0142 si\u0119 te\u017c zapis przed\u0142u\u017caj\u0105cy mro\u017cenie cen energii dla gospodarstw domowych do ko\u0144ca 2025 roku.<\/p>\n\n\n\n<p>Premier podkre\u015bli\u0142, \u017ce energetyka wiatrowa to obecnie \u201enajta\u0144sze i najszybsze w realizacji \u017ar\u00f3d\u0142o pr\u0105du\u201d. Rz\u0105d nie zamierza si\u0119 wycofywa\u0107 \u2013 nawet wbrew prezydentowi.<\/p>\n","protected":false},"excerpt":{"rendered":"<p>Podczas gor\u0105cej Rady Gabinetowej premier Donald Tusk nie zostawi\u0142 w\u0105tpliwo\u015bci: rz\u0105d nie zrezygnuje z rozwoju energetyki wiatrowej, nawet je\u015bli prezydent Karol Nawrocki stawia weto. \u2013 Wiatraki b\u0119d\u0105 powstawa\u0142y, i to radykalnie \u2013 og\u0142osi\u0142 Tusk. Doda\u0142, \u017ce rz\u0105d pos\u0142u\u017cy si\u0119 rozporz\u0105dzeniami, kt\u00f3re pozwol\u0105 omin\u0105\u0107 zablokowan\u0105 przez prezydenta nowelizacj\u0119 ustawy. \u2013 Weto b\u0119dzie ma\u0142o skuteczne \u2013 stwierdzi\u0142 &#8230; <a title=\"Tusk stawia na wiatraki. \u201eWeto prezydenta? Ma\u0142o skuteczne\u201d \u2013 rz\u0105d dzia\u0142a mimo oporu Pa\u0142acu\" class=\"read-more\" href=\"https:\/\/dobrezrodla.com\/?p=3393\" aria-label=\"Read more about Tusk stawia na wiatraki. \u201eWeto prezydenta? Ma\u0142o skuteczne\u201d \u2013 rz\u0105d dzia\u0142a mimo oporu Pa\u0142acu\">Read more<\/a><\/p>\n","protected":false},"author":1,"featured_media":3394,"comment_status":"open","ping_status":"open","sticky":false,"template":"","format":"standard","meta":{"footnotes":""},"categories":[1],"tags":[],"class_list":["post-3393","post","type-post","status-publish","format-standard","has-post-thumbnail","hentry","category-uncategorized"],"_links":{"self":[{"href":"https:\/\/dobrezrodla.com\/index.php?rest_route=\/wp\/v2\/posts\/3393","targetHints":{"allow":["GET"]}}],"collection":[{"href":"https:\/\/dobrezrodla.com\/index.php?rest_route=\/wp\/v2\/posts"}],"about":[{"href":"https:\/\/dobrezrodla.com\/index.php?rest_route=\/wp\/v2\/types\/post"}],"author":[{"embeddable":true,"href":"https:\/\/dobrezrodla.com\/index.php?rest_route=\/wp\/v2\/users\/1"}],"replies":[{"embeddable":true,"href":"https:\/\/dobrezrodla.com\/index.php?rest_route=%2Fwp%2Fv2%2Fcomments&post=3393"}],"version-history":[{"count":1,"href":"https:\/\/dobrezrodla.com\/index.php?rest_route=\/wp\/v2\/posts\/3393\/revisions"}],"predecessor-version":[{"id":3395,"href":"https:\/\/dobrezrodla.com\/index.php?rest_route=\/wp\/v2\/posts\/3393\/revisions\/3395"}],"wp:featuredmedia":[{"embeddable":true,"href":"https:\/\/dobrezrodla.com\/index.php?rest_route=\/wp\/v2\/media\/3394"}],"wp:attachment":[{"href":"https:\/\/dobrezrodla.com\/index.php?rest_route=%2Fwp%2Fv2%2Fmedia&parent=3393"}],"wp:term":[{"taxonomy":"category","embeddable":true,"href":"https:\/\/dobrezrodla.com\/index.php?rest_route=%2Fwp%2Fv2%2Fcategories&post=3393"},{"taxonomy":"post_tag","embeddable":true,"href":"https:\/\/dobrezrodla.com\/index.php?rest_route=%2Fwp%2Fv2%2Ftags&post=3393"}],"curies":[{"name":"wp","href":"https:\/\/api.w.org\/{rel}","templated":true}]}}