{"id":3405,"date":"2025-08-27T18:30:00","date_gmt":"2025-08-27T18:30:00","guid":{"rendered":"https:\/\/dobrezrodla.com\/?p=3405"},"modified":"2025-08-27T18:30:01","modified_gmt":"2025-08-27T18:30:01","slug":"po-wecie-prezydenta-panika-w-urzedach-i-ostrzezenia-polska-moze-stracic-pracownikow","status":"publish","type":"post","link":"https:\/\/dobrezrodla.com\/?p=3405","title":{"rendered":"Po wecie prezydenta \u2013 panika w urz\u0119dach i ostrze\u017cenia: &#8220;Polska mo\u017ce straci\u0107 pracownik\u00f3w!&#8221;"},"content":{"rendered":"\n<p>Wystarczy\u0142a jedna decyzja prezydenta Karola Nawrockiego, by w urz\u0119dach ds. cudzoziemc\u00f3w zapanowa\u0142 chaos. Weto wobec ustawy o przed\u0142u\u017ceniu pomocy dla Ukrai\u0144c\u00f3w wywo\u0142a\u0142o lawin\u0119 wniosk\u00f3w i\u2026 strach. Ju\u017c teraz kolejki si\u0119 wyd\u0142u\u017caj\u0105, a eksperci ostrzegaj\u0105: mo\u017ce doj\u015b\u0107 do parali\u017cu administracyjnego.<\/p>\n\n\n\n<p>Pracodawcy za\u0142amuj\u0105 r\u0119ce \u2013 je\u015bli Ukrai\u0144cy strac\u0105 legalny pobyt, nie b\u0119d\u0105 mogli pracowa\u0107. Ci, kt\u00f3rzy nie zd\u0105\u017c\u0105 za\u0142atwi\u0107 formalno\u015bci do ko\u0144ca wrze\u015bnia, mog\u0105 wyjecha\u0107 na Zach\u00f3d. \u201eA kto b\u0119dzie je\u017adzi\u0142 ci\u0119\u017car\u00f3wkami? Kto pracowa\u0142 na budowach?\u201d \u2013 pytaj\u0105.<\/p>\n\n\n\n<p>Prezydencki projekt wprowadza ostrzejsze warunki \u2013 \u015bwiadczenia i opieka zdrowotna tylko dla tych, kt\u00f3rzy legalnie pracuj\u0105. Uderzy to nie tylko w uchod\u017ac\u00f3w, ale te\u017c w ca\u0142e bran\u017ce, kt\u00f3re bez pracownik\u00f3w z Ukrainy nie funkcjonuj\u0105.<\/p>\n\n\n\n<p>Tymczasem urz\u0119dy s\u0105 przeci\u0105\u017cone, a czas oczekiwania na decyzj\u0119 mo\u017ce wyd\u0142u\u017cy\u0107 si\u0119 nawet do dw\u00f3ch lat. Do tego dochodzi niepewno\u015b\u0107 co do losu emeryt\u00f3w, matek z dzie\u0107mi i os\u00f3b niezdolnych do pracy. \u201eZabrak\u0142o empatii i realizmu\u201d \u2013 komentuj\u0105 eksperci. W tle pojawia si\u0119 jeszcze jedna kontrowersja \u2013 penalizacja banderyzmu i podwy\u017cszenie kar za nielegalne przekroczenie granicy.<\/p>\n\n\n\n<p>Czy Polska w\u0142a\u015bnie wyklucza tysi\u0105ce ludzi, kt\u00f3rzy pomagaj\u0105 jej funkcjonowa\u0107?<\/p>\n","protected":false},"excerpt":{"rendered":"<p>Wystarczy\u0142a jedna decyzja prezydenta Karola Nawrockiego, by w urz\u0119dach ds. cudzoziemc\u00f3w zapanowa\u0142 chaos. Weto wobec ustawy o przed\u0142u\u017ceniu pomocy dla Ukrai\u0144c\u00f3w wywo\u0142a\u0142o lawin\u0119 wniosk\u00f3w i\u2026 strach. Ju\u017c teraz kolejki si\u0119 wyd\u0142u\u017caj\u0105, a eksperci ostrzegaj\u0105: mo\u017ce doj\u015b\u0107 do parali\u017cu administracyjnego. Pracodawcy za\u0142amuj\u0105 r\u0119ce \u2013 je\u015bli Ukrai\u0144cy strac\u0105 legalny pobyt, nie b\u0119d\u0105 mogli pracowa\u0107. Ci, kt\u00f3rzy nie &#8230; <a title=\"Po wecie prezydenta \u2013 panika w urz\u0119dach i ostrze\u017cenia: &#8220;Polska mo\u017ce straci\u0107 pracownik\u00f3w!&#8221;\" class=\"read-more\" href=\"https:\/\/dobrezrodla.com\/?p=3405\" aria-label=\"Read more about Po wecie prezydenta \u2013 panika w urz\u0119dach i ostrze\u017cenia: &#8220;Polska mo\u017ce straci\u0107 pracownik\u00f3w!&#8221;\">Read more<\/a><\/p>\n","protected":false},"author":1,"featured_media":3406,"comment_status":"open","ping_status":"open","sticky":false,"template":"","format":"standard","meta":{"footnotes":""},"categories":[1],"tags":[],"class_list":["post-3405","post","type-post","status-publish","format-standard","has-post-thumbnail","hentry","category-uncategorized"],"_links":{"self":[{"href":"https:\/\/dobrezrodla.com\/index.php?rest_route=\/wp\/v2\/posts\/3405","targetHints":{"allow":["GET"]}}],"collection":[{"href":"https:\/\/dobrezrodla.com\/index.php?rest_route=\/wp\/v2\/posts"}],"about":[{"href":"https:\/\/dobrezrodla.com\/index.php?rest_route=\/wp\/v2\/types\/post"}],"author":[{"embeddable":true,"href":"https:\/\/dobrezrodla.com\/index.php?rest_route=\/wp\/v2\/users\/1"}],"replies":[{"embeddable":true,"href":"https:\/\/dobrezrodla.com\/index.php?rest_route=%2Fwp%2Fv2%2Fcomments&post=3405"}],"version-history":[{"count":1,"href":"https:\/\/dobrezrodla.com\/index.php?rest_route=\/wp\/v2\/posts\/3405\/revisions"}],"predecessor-version":[{"id":3407,"href":"https:\/\/dobrezrodla.com\/index.php?rest_route=\/wp\/v2\/posts\/3405\/revisions\/3407"}],"wp:featuredmedia":[{"embeddable":true,"href":"https:\/\/dobrezrodla.com\/index.php?rest_route=\/wp\/v2\/media\/3406"}],"wp:attachment":[{"href":"https:\/\/dobrezrodla.com\/index.php?rest_route=%2Fwp%2Fv2%2Fmedia&parent=3405"}],"wp:term":[{"taxonomy":"category","embeddable":true,"href":"https:\/\/dobrezrodla.com\/index.php?rest_route=%2Fwp%2Fv2%2Fcategories&post=3405"},{"taxonomy":"post_tag","embeddable":true,"href":"https:\/\/dobrezrodla.com\/index.php?rest_route=%2Fwp%2Fv2%2Ftags&post=3405"}],"curies":[{"name":"wp","href":"https:\/\/api.w.org\/{rel}","templated":true}]}}