{"id":3420,"date":"2025-08-27T18:33:01","date_gmt":"2025-08-27T18:33:01","guid":{"rendered":"https:\/\/dobrezrodla.com\/?p=3420"},"modified":"2025-08-27T18:33:01","modified_gmt":"2025-08-27T18:33:01","slug":"brutalny-atak-na-bylego-ministra-adam-niedzielski-trafil-do-szpitala-trwa-sledztwo","status":"publish","type":"post","link":"https:\/\/dobrezrodla.com\/?p=3420","title":{"rendered":"Brutalny atak na by\u0142ego ministra! Adam Niedzielski trafi\u0142 do szpitala \u2013 trwa \u015bledztwo"},"content":{"rendered":"\n<p>Szokuj\u0105ce sceny w centrum Siedlec. By\u0142y minister zdrowia Adam Niedzielski zosta\u0142 zaatakowany w bia\u0142y dzie\u0144 przez dw\u00f3ch nieznanych sprawc\u00f3w. <\/p>\n\n\n\n<p>Do zdarzenia dosz\u0142o w rejonie jednej z restauracji, oko\u0142o godziny 15. Policja potwierdza: to by\u0142o pobicie.<\/p>\n\n\n\n<p>Funkcjonariusze natychmiast rozpocz\u0119li dzia\u0142ania na miejscu \u2013 zabezpieczaj\u0105 \u015blady i pr\u00f3buj\u0105 ustali\u0107 to\u017csamo\u015b\u0107 napastnik\u00f3w. <\/p>\n\n\n\n<p>Niedzielski trafi\u0142 do szpitala z obra\u017ceniami cia\u0142a. Wed\u0142ug lekarzy nie s\u0105 one bardzo powa\u017cne, ale wci\u0105\u017c trwa diagnostyka.<\/p>\n\n\n\n<p>Najbardziej niepokoj\u0105ce s\u0105 jednak doniesienia o mo\u017cliwym tle politycznym ataku. Niedzielski, kt\u00f3ry pe\u0142ni\u0142 funkcj\u0119 ministra zdrowia w latach 2020\u20132023, od dawna wzbudza\u0142 kontrowersje swoimi decyzjami \u2013 szczeg\u00f3lnie w czasach pandemii.<\/p>\n\n\n\n<p>Czy za brutalnym atakiem stoi co\u015b wi\u0119cej ni\u017c przypadek?<\/p>\n","protected":false},"excerpt":{"rendered":"<p>Szokuj\u0105ce sceny w centrum Siedlec. By\u0142y minister zdrowia Adam Niedzielski zosta\u0142 zaatakowany w bia\u0142y dzie\u0144 przez dw\u00f3ch nieznanych sprawc\u00f3w. Do zdarzenia dosz\u0142o w rejonie jednej z restauracji, oko\u0142o godziny 15. Policja potwierdza: to by\u0142o pobicie. Funkcjonariusze natychmiast rozpocz\u0119li dzia\u0142ania na miejscu \u2013 zabezpieczaj\u0105 \u015blady i pr\u00f3buj\u0105 ustali\u0107 to\u017csamo\u015b\u0107 napastnik\u00f3w. Niedzielski trafi\u0142 do szpitala z obra\u017ceniami &#8230; <a title=\"Brutalny atak na by\u0142ego ministra! Adam Niedzielski trafi\u0142 do szpitala \u2013 trwa \u015bledztwo\" class=\"read-more\" href=\"https:\/\/dobrezrodla.com\/?p=3420\" aria-label=\"Read more about Brutalny atak na by\u0142ego ministra! Adam Niedzielski trafi\u0142 do szpitala \u2013 trwa \u015bledztwo\">Read more<\/a><\/p>\n","protected":false},"author":1,"featured_media":3421,"comment_status":"open","ping_status":"open","sticky":false,"template":"","format":"standard","meta":{"footnotes":""},"categories":[1],"tags":[],"class_list":["post-3420","post","type-post","status-publish","format-standard","has-post-thumbnail","hentry","category-uncategorized"],"_links":{"self":[{"href":"https:\/\/dobrezrodla.com\/index.php?rest_route=\/wp\/v2\/posts\/3420","targetHints":{"allow":["GET"]}}],"collection":[{"href":"https:\/\/dobrezrodla.com\/index.php?rest_route=\/wp\/v2\/posts"}],"about":[{"href":"https:\/\/dobrezrodla.com\/index.php?rest_route=\/wp\/v2\/types\/post"}],"author":[{"embeddable":true,"href":"https:\/\/dobrezrodla.com\/index.php?rest_route=\/wp\/v2\/users\/1"}],"replies":[{"embeddable":true,"href":"https:\/\/dobrezrodla.com\/index.php?rest_route=%2Fwp%2Fv2%2Fcomments&post=3420"}],"version-history":[{"count":1,"href":"https:\/\/dobrezrodla.com\/index.php?rest_route=\/wp\/v2\/posts\/3420\/revisions"}],"predecessor-version":[{"id":3422,"href":"https:\/\/dobrezrodla.com\/index.php?rest_route=\/wp\/v2\/posts\/3420\/revisions\/3422"}],"wp:featuredmedia":[{"embeddable":true,"href":"https:\/\/dobrezrodla.com\/index.php?rest_route=\/wp\/v2\/media\/3421"}],"wp:attachment":[{"href":"https:\/\/dobrezrodla.com\/index.php?rest_route=%2Fwp%2Fv2%2Fmedia&parent=3420"}],"wp:term":[{"taxonomy":"category","embeddable":true,"href":"https:\/\/dobrezrodla.com\/index.php?rest_route=%2Fwp%2Fv2%2Fcategories&post=3420"},{"taxonomy":"post_tag","embeddable":true,"href":"https:\/\/dobrezrodla.com\/index.php?rest_route=%2Fwp%2Fv2%2Ftags&post=3420"}],"curies":[{"name":"wp","href":"https:\/\/api.w.org\/{rel}","templated":true}]}}