{"id":3426,"date":"2025-08-27T18:34:01","date_gmt":"2025-08-27T18:34:01","guid":{"rendered":"https:\/\/dobrezrodla.com\/?p=3426"},"modified":"2025-08-27T18:34:02","modified_gmt":"2025-08-27T18:34:02","slug":"zaskakujacy-zwrot-po-ostrych-spieciach-tusk-zapowiada-kolejne-spotkanie-z-prezydentem-nawrockim","status":"publish","type":"post","link":"https:\/\/dobrezrodla.com\/?p=3426","title":{"rendered":"Zaskakuj\u0105cy zwrot po ostrych spi\u0119ciach! Tusk zapowiada kolejne spotkanie z prezydentem Nawrockim"},"content":{"rendered":"\n<p>Cho\u0107 atmosfera podczas pierwszego posiedzenia Rady Gabinetowej by\u0142a napi\u0119ta, premier Donald Tusk zaskoczy\u0142 tonem swoich wypowiedzi. <\/p>\n\n\n\n<p>\u2013 Jestem zadowolony z przebiegu spotkania, mimo r\u00f3\u017cnic politycznych szukamy wsp\u00f3lnego j\u0119zyka \u2013 podkre\u015bli\u0142.<\/p>\n\n\n\n<p>Tusk zapowiedzia\u0142, \u017ce jeszcze przed planowan\u0105 wizyt\u0105 Karola Nawrockiego w USA odb\u0119dzie si\u0119 kolejne, bardziej kameralne spotkanie. <\/p>\n\n\n\n<p>Celem ma by\u0107 lepsza koordynacja dzia\u0142a\u0144 w polityce mi\u0119dzynarodowej, w szczeg\u00f3lno\u015bci wobec pa\u0144stw ba\u0142tyckich.<\/p>\n\n\n\n<p>Premier zapewni\u0142, \u017ce got\u00f3w jest do &#8220;twardej konfrontacji&#8221; tam, gdzie to konieczne, ale jednocze\u015bnie chce budowa\u0107 przestrze\u0144 do wsp\u00f3\u0142pracy. \u2013 Systematyczny kontakt z prezydentem ma by\u0107 norm\u0105, nie wyj\u0105tkiem \u2013 zaznaczy\u0142.<\/p>\n\n\n\n<p>Czy to nowy rozdzia\u0142 w relacjach Pa\u0142acu Prezydenckiego i rz\u0105du, czy tylko cisza przed kolejn\u0105 burz\u0105?<\/p>\n","protected":false},"excerpt":{"rendered":"<p>Cho\u0107 atmosfera podczas pierwszego posiedzenia Rady Gabinetowej by\u0142a napi\u0119ta, premier Donald Tusk zaskoczy\u0142 tonem swoich wypowiedzi. \u2013 Jestem zadowolony z przebiegu spotkania, mimo r\u00f3\u017cnic politycznych szukamy wsp\u00f3lnego j\u0119zyka \u2013 podkre\u015bli\u0142. Tusk zapowiedzia\u0142, \u017ce jeszcze przed planowan\u0105 wizyt\u0105 Karola Nawrockiego w USA odb\u0119dzie si\u0119 kolejne, bardziej kameralne spotkanie. Celem ma by\u0107 lepsza koordynacja dzia\u0142a\u0144 w polityce &#8230; <a title=\"Zaskakuj\u0105cy zwrot po ostrych spi\u0119ciach! Tusk zapowiada kolejne spotkanie z prezydentem Nawrockim\" class=\"read-more\" href=\"https:\/\/dobrezrodla.com\/?p=3426\" aria-label=\"Read more about Zaskakuj\u0105cy zwrot po ostrych spi\u0119ciach! Tusk zapowiada kolejne spotkanie z prezydentem Nawrockim\">Read more<\/a><\/p>\n","protected":false},"author":1,"featured_media":3427,"comment_status":"open","ping_status":"open","sticky":false,"template":"","format":"standard","meta":{"footnotes":""},"categories":[1],"tags":[],"class_list":["post-3426","post","type-post","status-publish","format-standard","has-post-thumbnail","hentry","category-uncategorized"],"_links":{"self":[{"href":"https:\/\/dobrezrodla.com\/index.php?rest_route=\/wp\/v2\/posts\/3426","targetHints":{"allow":["GET"]}}],"collection":[{"href":"https:\/\/dobrezrodla.com\/index.php?rest_route=\/wp\/v2\/posts"}],"about":[{"href":"https:\/\/dobrezrodla.com\/index.php?rest_route=\/wp\/v2\/types\/post"}],"author":[{"embeddable":true,"href":"https:\/\/dobrezrodla.com\/index.php?rest_route=\/wp\/v2\/users\/1"}],"replies":[{"embeddable":true,"href":"https:\/\/dobrezrodla.com\/index.php?rest_route=%2Fwp%2Fv2%2Fcomments&post=3426"}],"version-history":[{"count":1,"href":"https:\/\/dobrezrodla.com\/index.php?rest_route=\/wp\/v2\/posts\/3426\/revisions"}],"predecessor-version":[{"id":3428,"href":"https:\/\/dobrezrodla.com\/index.php?rest_route=\/wp\/v2\/posts\/3426\/revisions\/3428"}],"wp:featuredmedia":[{"embeddable":true,"href":"https:\/\/dobrezrodla.com\/index.php?rest_route=\/wp\/v2\/media\/3427"}],"wp:attachment":[{"href":"https:\/\/dobrezrodla.com\/index.php?rest_route=%2Fwp%2Fv2%2Fmedia&parent=3426"}],"wp:term":[{"taxonomy":"category","embeddable":true,"href":"https:\/\/dobrezrodla.com\/index.php?rest_route=%2Fwp%2Fv2%2Fcategories&post=3426"},{"taxonomy":"post_tag","embeddable":true,"href":"https:\/\/dobrezrodla.com\/index.php?rest_route=%2Fwp%2Fv2%2Ftags&post=3426"}],"curies":[{"name":"wp","href":"https:\/\/api.w.org\/{rel}","templated":true}]}}