{"id":3429,"date":"2025-08-27T18:34:39","date_gmt":"2025-08-27T18:34:39","guid":{"rendered":"https:\/\/dobrezrodla.com\/?p=3429"},"modified":"2025-08-27T18:34:39","modified_gmt":"2025-08-27T18:34:39","slug":"prezydent-ujawnia-plany-na-1-wrzesnia-symboliczna-decyzja-nawrockiego-i-mocny-sygnal-do-rzadu","status":"publish","type":"post","link":"https:\/\/dobrezrodla.com\/?p=3429","title":{"rendered":"Prezydent ujawnia plany na 1 wrze\u015bnia! Symboliczna decyzja Nawrockiego \u2013 i mocny sygna\u0142 do rz\u0105du"},"content":{"rendered":"\n<p>Karol Nawrocki og\u0142osi\u0142, gdzie b\u0119dzie 1 wrze\u015bnia \u2013 i nie s\u0105 to przypadkowe miejsca. Prezydent we\u017amie udzia\u0142 w obchodach rocznicy wybuchu II wojny \u015bwiatowej na Westerplatte<\/p>\n\n\n\n<p> i w Wieluniu \u2013 dw\u00f3ch miejscach, kt\u00f3re brutalnie zapisa\u0142y si\u0119 w historii Polski jako symbole niemieckiej agresji z 1939 roku.<\/p>\n\n\n\n<p>Zbigniew Bogucki z Kancelarii Prezydenta podkre\u015bli\u0142, \u017ce dla Nawrockiego \u2013 by\u0142ego szefa IPN i Muzeum II Wojny \u015awiatowej \u2013 pami\u0119\u0107 historyczna i to\u017csamo\u015b\u0107<\/p>\n\n\n\n<p> narodowa maj\u0105 wyj\u0105tkowe znaczenie. Udzia\u0142 w uroczysto\u015bciach ma by\u0107 nie tylko gestem pami\u0119ci, ale te\u017c mocnym sygna\u0142em w sporze o kszta\u0142t pa\u0144stwa.<\/p>\n\n\n\n<p>Na konferencji Bogucki odni\u00f3s\u0142 si\u0119 r\u00f3wnie\u017c do ostatniego starcia prezydenta z premierem. Zapowied\u017a wydania rozporz\u0105dze\u0144 mimo prezydenckiego weta ws. ustawy wiatrakowej wywo\u0142a\u0142a ostr\u0105 reakcj\u0119. \u2013 Tego typu dzia\u0142ania obchodz\u0105 konstytucj\u0119. <\/p>\n\n\n\n<p>Prezydent jest stra\u017cnikiem porz\u0105dku prawnego i nikt \u2013 nawet premier \u2013 nie mo\u017ce go ignorowa\u0107 \u2013 zaznaczy\u0142.<\/p>\n\n\n\n<p>Czy 1 wrze\u015bnia stanie si\u0119 nie tylko dniem pami\u0119ci, ale i manifestem si\u0142y g\u0142owy pa\u0144stwa?<\/p>\n","protected":false},"excerpt":{"rendered":"<p>Karol Nawrocki og\u0142osi\u0142, gdzie b\u0119dzie 1 wrze\u015bnia \u2013 i nie s\u0105 to przypadkowe miejsca. Prezydent we\u017amie udzia\u0142 w obchodach rocznicy wybuchu II wojny \u015bwiatowej na Westerplatte i w Wieluniu \u2013 dw\u00f3ch miejscach, kt\u00f3re brutalnie zapisa\u0142y si\u0119 w historii Polski jako symbole niemieckiej agresji z 1939 roku. Zbigniew Bogucki z Kancelarii Prezydenta podkre\u015bli\u0142, \u017ce dla Nawrockiego &#8230; <a title=\"Prezydent ujawnia plany na 1 wrze\u015bnia! Symboliczna decyzja Nawrockiego \u2013 i mocny sygna\u0142 do rz\u0105du\" class=\"read-more\" href=\"https:\/\/dobrezrodla.com\/?p=3429\" aria-label=\"Read more about Prezydent ujawnia plany na 1 wrze\u015bnia! Symboliczna decyzja Nawrockiego \u2013 i mocny sygna\u0142 do rz\u0105du\">Read more<\/a><\/p>\n","protected":false},"author":1,"featured_media":3430,"comment_status":"open","ping_status":"open","sticky":false,"template":"","format":"standard","meta":{"footnotes":""},"categories":[1],"tags":[],"class_list":["post-3429","post","type-post","status-publish","format-standard","has-post-thumbnail","hentry","category-uncategorized"],"_links":{"self":[{"href":"https:\/\/dobrezrodla.com\/index.php?rest_route=\/wp\/v2\/posts\/3429","targetHints":{"allow":["GET"]}}],"collection":[{"href":"https:\/\/dobrezrodla.com\/index.php?rest_route=\/wp\/v2\/posts"}],"about":[{"href":"https:\/\/dobrezrodla.com\/index.php?rest_route=\/wp\/v2\/types\/post"}],"author":[{"embeddable":true,"href":"https:\/\/dobrezrodla.com\/index.php?rest_route=\/wp\/v2\/users\/1"}],"replies":[{"embeddable":true,"href":"https:\/\/dobrezrodla.com\/index.php?rest_route=%2Fwp%2Fv2%2Fcomments&post=3429"}],"version-history":[{"count":1,"href":"https:\/\/dobrezrodla.com\/index.php?rest_route=\/wp\/v2\/posts\/3429\/revisions"}],"predecessor-version":[{"id":3431,"href":"https:\/\/dobrezrodla.com\/index.php?rest_route=\/wp\/v2\/posts\/3429\/revisions\/3431"}],"wp:featuredmedia":[{"embeddable":true,"href":"https:\/\/dobrezrodla.com\/index.php?rest_route=\/wp\/v2\/media\/3430"}],"wp:attachment":[{"href":"https:\/\/dobrezrodla.com\/index.php?rest_route=%2Fwp%2Fv2%2Fmedia&parent=3429"}],"wp:term":[{"taxonomy":"category","embeddable":true,"href":"https:\/\/dobrezrodla.com\/index.php?rest_route=%2Fwp%2Fv2%2Fcategories&post=3429"},{"taxonomy":"post_tag","embeddable":true,"href":"https:\/\/dobrezrodla.com\/index.php?rest_route=%2Fwp%2Fv2%2Ftags&post=3429"}],"curies":[{"name":"wp","href":"https:\/\/api.w.org\/{rel}","templated":true}]}}