{"id":3435,"date":"2025-08-27T18:35:52","date_gmt":"2025-08-27T18:35:52","guid":{"rendered":"https:\/\/dobrezrodla.com\/?p=3435"},"modified":"2025-08-27T18:35:52","modified_gmt":"2025-08-27T18:35:52","slug":"nawrocki-uderza-w-rzad-nie-zaakceptuje-podwyzek-podatkow-ostre-slowa-na-radzie-gabinetowej","status":"publish","type":"post","link":"https:\/\/dobrezrodla.com\/?p=3435","title":{"rendered":"Nawrocki uderza w rz\u0105d! \u201eNie zaakceptuj\u0119 podwy\u017cek podatk\u00f3w\u201d \u2013 ostre s\u0142owa na Radzie Gabinetowej"},"content":{"rendered":"\n<p>Podczas pierwszego posiedzenia Rady Gabinetowej Karol Nawrocki nie gryz\u0142 si\u0119 w j\u0119zyk. Ju\u017c na otwarciu obrad prezydent podni\u00f3s\u0142 alarm w sprawie stanu finans\u00f3w pa\u0144stwa. \u2013 Deficyt na poziomie 150 miliard\u00f3w to sygna\u0142, \u017ce system nie dzia\u0142a \u2013 m\u00f3wi\u0142 stanowczo.<\/p>\n\n\n\n<p>Jeszcze ostrzej zabrzmia\u0142a jego deklaracja: <em>\u201eNie zgadzam si\u0119 na podnoszenie podatk\u00f3w!\u201d<\/em> Nawrocki zarzuci\u0142 rz\u0105dowi brak skuteczno\u015bci w uszczelnianiu systemu podatkowego. Wskaza\u0142 konkretne liczby \u2013 45 miliard\u00f3w z\u0142otych brak\u00f3w w dochodach, w tym a\u017c 35 miliard\u00f3w z VAT.<\/p>\n\n\n\n<p>Prezydent podkre\u015bli\u0142, \u017ce rz\u0105d powinien skupi\u0107 si\u0119 na lepszym egzekwowaniu ju\u017c istniej\u0105cych przepis\u00f3w, a nie si\u0119ga\u0107 do kieszeni obywateli. Zapowied\u017a mo\u017cliwego wzrostu a\u017c sze\u015bciu r\u00f3\u017cnych podatk\u00f3w nazwa\u0142 \u201edrog\u0105 na skr\u00f3ty, kt\u00f3rej nie zaakceptuje\u201d.<\/p>\n\n\n\n<p>Czy rz\u0105d cofnie si\u0119 pod naciskiem Pa\u0142acu Prezydenckiego, czy szykuje si\u0119 finansowa wojna na szczytach w\u0142adzy?<\/p>\n","protected":false},"excerpt":{"rendered":"<p>Podczas pierwszego posiedzenia Rady Gabinetowej Karol Nawrocki nie gryz\u0142 si\u0119 w j\u0119zyk. Ju\u017c na otwarciu obrad prezydent podni\u00f3s\u0142 alarm w sprawie stanu finans\u00f3w pa\u0144stwa. \u2013 Deficyt na poziomie 150 miliard\u00f3w to sygna\u0142, \u017ce system nie dzia\u0142a \u2013 m\u00f3wi\u0142 stanowczo. Jeszcze ostrzej zabrzmia\u0142a jego deklaracja: \u201eNie zgadzam si\u0119 na podnoszenie podatk\u00f3w!\u201d Nawrocki zarzuci\u0142 rz\u0105dowi brak skuteczno\u015bci &#8230; <a title=\"Nawrocki uderza w rz\u0105d! \u201eNie zaakceptuj\u0119 podwy\u017cek podatk\u00f3w\u201d \u2013 ostre s\u0142owa na Radzie Gabinetowej\" class=\"read-more\" href=\"https:\/\/dobrezrodla.com\/?p=3435\" aria-label=\"Read more about Nawrocki uderza w rz\u0105d! \u201eNie zaakceptuj\u0119 podwy\u017cek podatk\u00f3w\u201d \u2013 ostre s\u0142owa na Radzie Gabinetowej\">Read more<\/a><\/p>\n","protected":false},"author":1,"featured_media":3436,"comment_status":"open","ping_status":"open","sticky":false,"template":"","format":"standard","meta":{"footnotes":""},"categories":[1],"tags":[],"class_list":["post-3435","post","type-post","status-publish","format-standard","has-post-thumbnail","hentry","category-uncategorized"],"_links":{"self":[{"href":"https:\/\/dobrezrodla.com\/index.php?rest_route=\/wp\/v2\/posts\/3435","targetHints":{"allow":["GET"]}}],"collection":[{"href":"https:\/\/dobrezrodla.com\/index.php?rest_route=\/wp\/v2\/posts"}],"about":[{"href":"https:\/\/dobrezrodla.com\/index.php?rest_route=\/wp\/v2\/types\/post"}],"author":[{"embeddable":true,"href":"https:\/\/dobrezrodla.com\/index.php?rest_route=\/wp\/v2\/users\/1"}],"replies":[{"embeddable":true,"href":"https:\/\/dobrezrodla.com\/index.php?rest_route=%2Fwp%2Fv2%2Fcomments&post=3435"}],"version-history":[{"count":1,"href":"https:\/\/dobrezrodla.com\/index.php?rest_route=\/wp\/v2\/posts\/3435\/revisions"}],"predecessor-version":[{"id":3437,"href":"https:\/\/dobrezrodla.com\/index.php?rest_route=\/wp\/v2\/posts\/3435\/revisions\/3437"}],"wp:featuredmedia":[{"embeddable":true,"href":"https:\/\/dobrezrodla.com\/index.php?rest_route=\/wp\/v2\/media\/3436"}],"wp:attachment":[{"href":"https:\/\/dobrezrodla.com\/index.php?rest_route=%2Fwp%2Fv2%2Fmedia&parent=3435"}],"wp:term":[{"taxonomy":"category","embeddable":true,"href":"https:\/\/dobrezrodla.com\/index.php?rest_route=%2Fwp%2Fv2%2Fcategories&post=3435"},{"taxonomy":"post_tag","embeddable":true,"href":"https:\/\/dobrezrodla.com\/index.php?rest_route=%2Fwp%2Fv2%2Ftags&post=3435"}],"curies":[{"name":"wp","href":"https:\/\/api.w.org\/{rel}","templated":true}]}}