{"id":3453,"date":"2025-08-27T18:39:09","date_gmt":"2025-08-27T18:39:09","guid":{"rendered":"https:\/\/dobrezrodla.com\/?p=3453"},"modified":"2025-08-27T18:39:09","modified_gmt":"2025-08-27T18:39:09","slug":"ewa-wrzosek-w-centrum-wydarzen-nowa-rola-blisko-ministra-sprawiedliwosci","status":"publish","type":"post","link":"https:\/\/dobrezrodla.com\/?p=3453","title":{"rendered":"Ewa Wrzosek w centrum wydarze\u0144! Nowa rola blisko ministra sprawiedliwo\u015bci"},"content":{"rendered":"\n<p>To ju\u017c oficjalne \u2013 prokurator Ewa Wrzosek zosta\u0142a delegowana do Ministerstwa Sprawiedliwo\u015bci, gdzie obj\u0119\u0142a presti\u017cowe stanowisko radcy generalnego w Biurze Ministra. Jej nowa rola? Bezpo\u015brednia wsp\u00f3\u0142praca z Prokuratorem Generalnym i wp\u0142yw na kluczowe decyzje w Prokuraturze Krajowej.<\/p>\n\n\n\n<p>Jak poinformowa\u0142o ministerstwo, Wrzosek b\u0119dzie odpowiada\u0142a za analizowanie spraw i rekomendowanie dzia\u0142a\u0144 w obszarze polityki prokuratorskiej. Jej delegacj\u0119 podpisa\u0142 osobi\u015bcie minister sprawiedliwo\u015bci \u2013 i jak zaznaczy\u0142a rzeczniczka resortu, ta decyzja nie wymaga\u0142a uzasadnienia, bo \u201enikt nie ma w\u0105tpliwo\u015bci, \u017ce b\u0119dzie idealnym \u0142\u0105cznikiem\u201d.<\/p>\n\n\n\n<p>To spektakularny zwrot w karierze prokurator, kt\u00f3ra wcze\u015bniej by\u0142a znana z krytycznego podej\u015bcia do dzia\u0142a\u0144 w\u0142adzy \u2013 teraz zasiada blisko samego centrum decyzyjnego. Czy to zapowied\u017a wi\u0119kszych zmian w prokuraturze?<\/p>\n","protected":false},"excerpt":{"rendered":"<p>To ju\u017c oficjalne \u2013 prokurator Ewa Wrzosek zosta\u0142a delegowana do Ministerstwa Sprawiedliwo\u015bci, gdzie obj\u0119\u0142a presti\u017cowe stanowisko radcy generalnego w Biurze Ministra. Jej nowa rola? Bezpo\u015brednia wsp\u00f3\u0142praca z Prokuratorem Generalnym i wp\u0142yw na kluczowe decyzje w Prokuraturze Krajowej. Jak poinformowa\u0142o ministerstwo, Wrzosek b\u0119dzie odpowiada\u0142a za analizowanie spraw i rekomendowanie dzia\u0142a\u0144 w obszarze polityki prokuratorskiej. Jej delegacj\u0119 &#8230; <a title=\"Ewa Wrzosek w centrum wydarze\u0144! Nowa rola blisko ministra sprawiedliwo\u015bci\" class=\"read-more\" href=\"https:\/\/dobrezrodla.com\/?p=3453\" aria-label=\"Read more about Ewa Wrzosek w centrum wydarze\u0144! Nowa rola blisko ministra sprawiedliwo\u015bci\">Read more<\/a><\/p>\n","protected":false},"author":1,"featured_media":3454,"comment_status":"open","ping_status":"open","sticky":false,"template":"","format":"standard","meta":{"footnotes":""},"categories":[1],"tags":[],"class_list":["post-3453","post","type-post","status-publish","format-standard","has-post-thumbnail","hentry","category-uncategorized"],"_links":{"self":[{"href":"https:\/\/dobrezrodla.com\/index.php?rest_route=\/wp\/v2\/posts\/3453","targetHints":{"allow":["GET"]}}],"collection":[{"href":"https:\/\/dobrezrodla.com\/index.php?rest_route=\/wp\/v2\/posts"}],"about":[{"href":"https:\/\/dobrezrodla.com\/index.php?rest_route=\/wp\/v2\/types\/post"}],"author":[{"embeddable":true,"href":"https:\/\/dobrezrodla.com\/index.php?rest_route=\/wp\/v2\/users\/1"}],"replies":[{"embeddable":true,"href":"https:\/\/dobrezrodla.com\/index.php?rest_route=%2Fwp%2Fv2%2Fcomments&post=3453"}],"version-history":[{"count":1,"href":"https:\/\/dobrezrodla.com\/index.php?rest_route=\/wp\/v2\/posts\/3453\/revisions"}],"predecessor-version":[{"id":3455,"href":"https:\/\/dobrezrodla.com\/index.php?rest_route=\/wp\/v2\/posts\/3453\/revisions\/3455"}],"wp:featuredmedia":[{"embeddable":true,"href":"https:\/\/dobrezrodla.com\/index.php?rest_route=\/wp\/v2\/media\/3454"}],"wp:attachment":[{"href":"https:\/\/dobrezrodla.com\/index.php?rest_route=%2Fwp%2Fv2%2Fmedia&parent=3453"}],"wp:term":[{"taxonomy":"category","embeddable":true,"href":"https:\/\/dobrezrodla.com\/index.php?rest_route=%2Fwp%2Fv2%2Fcategories&post=3453"},{"taxonomy":"post_tag","embeddable":true,"href":"https:\/\/dobrezrodla.com\/index.php?rest_route=%2Fwp%2Fv2%2Ftags&post=3453"}],"curies":[{"name":"wp","href":"https:\/\/api.w.org\/{rel}","templated":true}]}}