{"id":3462,"date":"2025-08-29T18:44:00","date_gmt":"2025-08-29T18:44:00","guid":{"rendered":"https:\/\/dobrezrodla.com\/?p=3462"},"modified":"2025-08-29T18:44:00","modified_gmt":"2025-08-29T18:44:00","slug":"prezydent-zawetowal-nowelizacje-lex-kamilek-burza-wokol-prawa-majacego-chronic-dzieci","status":"publish","type":"post","link":"https:\/\/dobrezrodla.com\/?p=3462","title":{"rendered":"Prezydent zawetowa\u0142 nowelizacj\u0119 \u201elex Kamilek\u201d. Burza wok\u00f3\u0142 prawa maj\u0105cego chroni\u0107 dzieci"},"content":{"rendered":"\n<p>Karol Nawrocki po raz si\u00f3dmy od obj\u0119cia urz\u0119du zdecydowa\u0142 si\u0119 na weto. Tym razem zatrzyma\u0142 nowelizacj\u0119 ustawy znanej jako \u201elex Kamilek\u201d, kt\u00f3ra mia\u0142a upro\u015bci\u0107 procedury weryfikacji os\u00f3b maj\u0105cych kontakt z dzie\u0107mi \u2013 mi\u0119dzy innymi poprzez zast\u0105pienie obowi\u0105zkowych za\u015bwiadcze\u0144 z Krajowego Rejestru Karnego samymi o\u015bwiadczeniami.<\/p>\n\n\n\n<p>Prezydencka decyzja spotka\u0142a si\u0119 z mieszanymi reakcjami. Ministerstwo Sprawiedliwo\u015bci wyrazi\u0142o rozczarowanie, podkre\u015blaj\u0105c, \u017ce weto oznacza dalsze koszty i formalno\u015bci dla wolontariuszy, nauczycieli czy student\u00f3w. Z kolei Rzeczniczka Praw Dziecka Monika Horna-Cie\u015blak ostro skrytykowa\u0142a ustaw\u0119, uznaj\u0105c j\u0105 za \u201eabsolutnie nieakceptowaln\u0105\u201d i zagra\u017caj\u0105c\u0105 bezpiecze\u0144stwu dzieci. Jej zdaniem nowe przepisy mog\u0142yby otworzy\u0107 drzwi osobom skazanym za najci\u0119\u017csze przest\u0119pstwa do pracy z ma\u0142oletnimi.<\/p>\n\n\n\n<p>W\u015br\u00f3d zapis\u00f3w znalaz\u0142y si\u0119 m.in. u\u0142atwienia dla policjant\u00f3w, s\u0119dzi\u00f3w czy go\u015bci odwiedzaj\u0105cych szko\u0142y \u2013 nie musieliby oni przedstawia\u0107 za\u015bwiadcze\u0144 o niekaralno\u015bci. Prezydent podzieli\u0142 jednak liczne zastrze\u017cenia organizacji, kt\u00f3re alarmowa\u0142y, \u017ce zmiany mog\u0105 obni\u017cy\u0107 standardy ochrony dzieci, szczeg\u00f3lnie w kontek\u015bcie przest\u0119pstw seksualnych.<\/p>\n\n\n\n<p>Nowelizacja powsta\u0142a po tragicznej \u015bmierci o\u015bmioletniego Kamilka z Cz\u0119stochowy \u2013 dziecka maltretowanego przez najbli\u017cszych, kt\u00f3rego historia wstrz\u0105sn\u0119\u0142a Polsk\u0105.<\/p>\n","protected":false},"excerpt":{"rendered":"<p>Karol Nawrocki po raz si\u00f3dmy od obj\u0119cia urz\u0119du zdecydowa\u0142 si\u0119 na weto. Tym razem zatrzyma\u0142 nowelizacj\u0119 ustawy znanej jako \u201elex Kamilek\u201d, kt\u00f3ra mia\u0142a upro\u015bci\u0107 procedury weryfikacji os\u00f3b maj\u0105cych kontakt z dzie\u0107mi \u2013 mi\u0119dzy innymi poprzez zast\u0105pienie obowi\u0105zkowych za\u015bwiadcze\u0144 z Krajowego Rejestru Karnego samymi o\u015bwiadczeniami. Prezydencka decyzja spotka\u0142a si\u0119 z mieszanymi reakcjami. Ministerstwo Sprawiedliwo\u015bci wyrazi\u0142o rozczarowanie, &#8230; <a title=\"Prezydent zawetowa\u0142 nowelizacj\u0119 \u201elex Kamilek\u201d. Burza wok\u00f3\u0142 prawa maj\u0105cego chroni\u0107 dzieci\" class=\"read-more\" href=\"https:\/\/dobrezrodla.com\/?p=3462\" aria-label=\"Read more about Prezydent zawetowa\u0142 nowelizacj\u0119 \u201elex Kamilek\u201d. Burza wok\u00f3\u0142 prawa maj\u0105cego chroni\u0107 dzieci\">Read more<\/a><\/p>\n","protected":false},"author":1,"featured_media":3463,"comment_status":"open","ping_status":"open","sticky":false,"template":"","format":"standard","meta":{"footnotes":""},"categories":[1],"tags":[],"class_list":["post-3462","post","type-post","status-publish","format-standard","has-post-thumbnail","hentry","category-uncategorized"],"_links":{"self":[{"href":"https:\/\/dobrezrodla.com\/index.php?rest_route=\/wp\/v2\/posts\/3462","targetHints":{"allow":["GET"]}}],"collection":[{"href":"https:\/\/dobrezrodla.com\/index.php?rest_route=\/wp\/v2\/posts"}],"about":[{"href":"https:\/\/dobrezrodla.com\/index.php?rest_route=\/wp\/v2\/types\/post"}],"author":[{"embeddable":true,"href":"https:\/\/dobrezrodla.com\/index.php?rest_route=\/wp\/v2\/users\/1"}],"replies":[{"embeddable":true,"href":"https:\/\/dobrezrodla.com\/index.php?rest_route=%2Fwp%2Fv2%2Fcomments&post=3462"}],"version-history":[{"count":1,"href":"https:\/\/dobrezrodla.com\/index.php?rest_route=\/wp\/v2\/posts\/3462\/revisions"}],"predecessor-version":[{"id":3464,"href":"https:\/\/dobrezrodla.com\/index.php?rest_route=\/wp\/v2\/posts\/3462\/revisions\/3464"}],"wp:featuredmedia":[{"embeddable":true,"href":"https:\/\/dobrezrodla.com\/index.php?rest_route=\/wp\/v2\/media\/3463"}],"wp:attachment":[{"href":"https:\/\/dobrezrodla.com\/index.php?rest_route=%2Fwp%2Fv2%2Fmedia&parent=3462"}],"wp:term":[{"taxonomy":"category","embeddable":true,"href":"https:\/\/dobrezrodla.com\/index.php?rest_route=%2Fwp%2Fv2%2Fcategories&post=3462"},{"taxonomy":"post_tag","embeddable":true,"href":"https:\/\/dobrezrodla.com\/index.php?rest_route=%2Fwp%2Fv2%2Ftags&post=3462"}],"curies":[{"name":"wp","href":"https:\/\/api.w.org\/{rel}","templated":true}]}}