{"id":3465,"date":"2025-08-29T18:45:00","date_gmt":"2025-08-29T18:45:00","guid":{"rendered":"https:\/\/dobrezrodla.com\/?p=3465"},"modified":"2025-08-29T18:45:00","modified_gmt":"2025-08-29T18:45:00","slug":"zmiana-na-szczycie-instytutu-pileckiego-cienkowska-odwoluje-dyrektora-komentuje-tez-sprawe-radziejowskiej","status":"publish","type":"post","link":"https:\/\/dobrezrodla.com\/?p=3465","title":{"rendered":"Zmiana na szczycie Instytutu Pileckiego. Cienkowska odwo\u0142uje dyrektora, komentuje te\u017c spraw\u0119 Radziejowskiej"},"content":{"rendered":"\n<p>Minister kultury Marta Cienkowska zdecydowa\u0142a o odwo\u0142aniu profesora Krzysztofa Ruchniewicza ze stanowiska dyrektora Instytutu Pileckiego. Jego miejsce zajmie Karol Madaj \u2013 historyk zwi\u0105zany m.in. z IPN i Muzeum Dom Rodziny Pileckich. Jak podkre\u015bli\u0142a Cienkowska, decyzja zapad\u0142a po analizie dzia\u0142a\u0144 Instytutu, w tym kontrowersji wok\u00f3\u0142 by\u0142ej szefowej berli\u0144skiego oddzia\u0142u Hanny Radziejowskiej.<\/p>\n\n\n\n<p>Minister zarzuci\u0142a Ruchniewiczowi m.in. b\u0142\u0119dy w zarz\u0105dzaniu, niew\u0142a\u015bciwe decyzje programowe oraz s\u0142ab\u0105 polityk\u0119 komunikacyjn\u0105, kt\u00f3re mia\u0142y doprowadzi\u0107 do problem\u00f3w z funkcjonowaniem plac\u00f3wki. W ostrym tonie zaznaczy\u0142a te\u017c, \u017ce to, co dzia\u0142o si\u0119 wewn\u0105trz Instytutu, mog\u0142o realnie zaszkodzi\u0107 wielu osobom \u2013 zw\u0142aszcza kobietom.<\/p>\n","protected":false},"excerpt":{"rendered":"<p>Minister kultury Marta Cienkowska zdecydowa\u0142a o odwo\u0142aniu profesora Krzysztofa Ruchniewicza ze stanowiska dyrektora Instytutu Pileckiego. Jego miejsce zajmie Karol Madaj \u2013 historyk zwi\u0105zany m.in. z IPN i Muzeum Dom Rodziny Pileckich. Jak podkre\u015bli\u0142a Cienkowska, decyzja zapad\u0142a po analizie dzia\u0142a\u0144 Instytutu, w tym kontrowersji wok\u00f3\u0142 by\u0142ej szefowej berli\u0144skiego oddzia\u0142u Hanny Radziejowskiej. Minister zarzuci\u0142a Ruchniewiczowi m.in. b\u0142\u0119dy &#8230; <a title=\"Zmiana na szczycie Instytutu Pileckiego. Cienkowska odwo\u0142uje dyrektora, komentuje te\u017c spraw\u0119 Radziejowskiej\" class=\"read-more\" href=\"https:\/\/dobrezrodla.com\/?p=3465\" aria-label=\"Read more about Zmiana na szczycie Instytutu Pileckiego. Cienkowska odwo\u0142uje dyrektora, komentuje te\u017c spraw\u0119 Radziejowskiej\">Read more<\/a><\/p>\n","protected":false},"author":1,"featured_media":3466,"comment_status":"open","ping_status":"open","sticky":false,"template":"","format":"standard","meta":{"footnotes":""},"categories":[1],"tags":[],"class_list":["post-3465","post","type-post","status-publish","format-standard","has-post-thumbnail","hentry","category-uncategorized"],"_links":{"self":[{"href":"https:\/\/dobrezrodla.com\/index.php?rest_route=\/wp\/v2\/posts\/3465","targetHints":{"allow":["GET"]}}],"collection":[{"href":"https:\/\/dobrezrodla.com\/index.php?rest_route=\/wp\/v2\/posts"}],"about":[{"href":"https:\/\/dobrezrodla.com\/index.php?rest_route=\/wp\/v2\/types\/post"}],"author":[{"embeddable":true,"href":"https:\/\/dobrezrodla.com\/index.php?rest_route=\/wp\/v2\/users\/1"}],"replies":[{"embeddable":true,"href":"https:\/\/dobrezrodla.com\/index.php?rest_route=%2Fwp%2Fv2%2Fcomments&post=3465"}],"version-history":[{"count":1,"href":"https:\/\/dobrezrodla.com\/index.php?rest_route=\/wp\/v2\/posts\/3465\/revisions"}],"predecessor-version":[{"id":3467,"href":"https:\/\/dobrezrodla.com\/index.php?rest_route=\/wp\/v2\/posts\/3465\/revisions\/3467"}],"wp:featuredmedia":[{"embeddable":true,"href":"https:\/\/dobrezrodla.com\/index.php?rest_route=\/wp\/v2\/media\/3466"}],"wp:attachment":[{"href":"https:\/\/dobrezrodla.com\/index.php?rest_route=%2Fwp%2Fv2%2Fmedia&parent=3465"}],"wp:term":[{"taxonomy":"category","embeddable":true,"href":"https:\/\/dobrezrodla.com\/index.php?rest_route=%2Fwp%2Fv2%2Fcategories&post=3465"},{"taxonomy":"post_tag","embeddable":true,"href":"https:\/\/dobrezrodla.com\/index.php?rest_route=%2Fwp%2Fv2%2Ftags&post=3465"}],"curies":[{"name":"wp","href":"https:\/\/api.w.org\/{rel}","templated":true}]}}