{"id":3471,"date":"2025-08-29T18:46:43","date_gmt":"2025-08-29T18:46:43","guid":{"rendered":"https:\/\/dobrezrodla.com\/?p=3471"},"modified":"2025-08-29T18:46:43","modified_gmt":"2025-08-29T18:46:43","slug":"nie-wierze-wlasnym-uszom-morawiecki-kontra-mentzen-debata-ktora-rozgrzala-scene-polityczna","status":"publish","type":"post","link":"https:\/\/dobrezrodla.com\/?p=3471","title":{"rendered":"\u201eNie wierz\u0119 w\u0142asnym uszom\u201d \u2013 Morawiecki kontra Mentzen. Debata, kt\u00f3ra rozgrza\u0142a scen\u0119 polityczn\u0105"},"content":{"rendered":"\n<p>Podczas debaty w ramach akcji \u201ePiwo z Mentzenem\u201d dosz\u0142o do ostrego starcia pogl\u0105d\u00f3w mi\u0119dzy by\u0142ym premierem Mateuszem Morawieckim a liderem Konfederacji S\u0142awomirem Mentzenem. Tematem zapalnym okaza\u0142a si\u0119 innowacyjno\u015b\u0107 i tzw. pu\u0142apka \u015bredniego dochodu.<\/p>\n\n\n\n<p>Mentzen zakwestionowa\u0142 sensowno\u015b\u0107 forsowania innowacji, twierdz\u0105c, \u017ce \u201eto ryzyko, na kt\u00f3rym zwykle si\u0119 traci\u201d, a przewaga konkurencyjna Polski wynika raczej z ni\u017cszych koszt\u00f3w pracy ni\u017c technologicznych prze\u0142om\u00f3w. Morawiecki nie kry\u0142 szoku: \u201eNie wierz\u0119 w\u0142asnym uszom!\u201d.<\/p>\n\n\n\n<p>G\u0142os w sprawie zabra\u0142a r\u00f3wnie\u017c ministra Katarzyna Pe\u0142czy\u0144ska-Na\u0142\u0119cz, por\u00f3wnuj\u0105c wypowiedzi Mentzena do \u201efolwarku pa\u0144szczy\u017anianego\u201d, a Konfederacj\u0119 \u2013 do formacji, kt\u00f3ra \u201enie chce innowacji\u201d na r\u00f3wni z podatkami czy Uni\u0105 Europejsk\u0105.<\/p>\n\n\n\n<p>Pojedynek dw\u00f3ch r\u00f3\u017cnych wizji gospodarki i przysz\u0142o\u015bci kraju odbi\u0142 si\u0119 szerokim echem \u2013 zar\u00f3wno w mediach, jak i w\u015br\u00f3d komentator\u00f3w politycznych.<\/p>\n","protected":false},"excerpt":{"rendered":"<p>Podczas debaty w ramach akcji \u201ePiwo z Mentzenem\u201d dosz\u0142o do ostrego starcia pogl\u0105d\u00f3w mi\u0119dzy by\u0142ym premierem Mateuszem Morawieckim a liderem Konfederacji S\u0142awomirem Mentzenem. Tematem zapalnym okaza\u0142a si\u0119 innowacyjno\u015b\u0107 i tzw. pu\u0142apka \u015bredniego dochodu. Mentzen zakwestionowa\u0142 sensowno\u015b\u0107 forsowania innowacji, twierdz\u0105c, \u017ce \u201eto ryzyko, na kt\u00f3rym zwykle si\u0119 traci\u201d, a przewaga konkurencyjna Polski wynika raczej z ni\u017cszych &#8230; <a title=\"\u201eNie wierz\u0119 w\u0142asnym uszom\u201d \u2013 Morawiecki kontra Mentzen. Debata, kt\u00f3ra rozgrza\u0142a scen\u0119 polityczn\u0105\" class=\"read-more\" href=\"https:\/\/dobrezrodla.com\/?p=3471\" aria-label=\"Read more about \u201eNie wierz\u0119 w\u0142asnym uszom\u201d \u2013 Morawiecki kontra Mentzen. Debata, kt\u00f3ra rozgrza\u0142a scen\u0119 polityczn\u0105\">Read more<\/a><\/p>\n","protected":false},"author":1,"featured_media":3472,"comment_status":"open","ping_status":"open","sticky":false,"template":"","format":"standard","meta":{"footnotes":""},"categories":[1],"tags":[],"class_list":["post-3471","post","type-post","status-publish","format-standard","has-post-thumbnail","hentry","category-uncategorized"],"_links":{"self":[{"href":"https:\/\/dobrezrodla.com\/index.php?rest_route=\/wp\/v2\/posts\/3471","targetHints":{"allow":["GET"]}}],"collection":[{"href":"https:\/\/dobrezrodla.com\/index.php?rest_route=\/wp\/v2\/posts"}],"about":[{"href":"https:\/\/dobrezrodla.com\/index.php?rest_route=\/wp\/v2\/types\/post"}],"author":[{"embeddable":true,"href":"https:\/\/dobrezrodla.com\/index.php?rest_route=\/wp\/v2\/users\/1"}],"replies":[{"embeddable":true,"href":"https:\/\/dobrezrodla.com\/index.php?rest_route=%2Fwp%2Fv2%2Fcomments&post=3471"}],"version-history":[{"count":1,"href":"https:\/\/dobrezrodla.com\/index.php?rest_route=\/wp\/v2\/posts\/3471\/revisions"}],"predecessor-version":[{"id":3473,"href":"https:\/\/dobrezrodla.com\/index.php?rest_route=\/wp\/v2\/posts\/3471\/revisions\/3473"}],"wp:featuredmedia":[{"embeddable":true,"href":"https:\/\/dobrezrodla.com\/index.php?rest_route=\/wp\/v2\/media\/3472"}],"wp:attachment":[{"href":"https:\/\/dobrezrodla.com\/index.php?rest_route=%2Fwp%2Fv2%2Fmedia&parent=3471"}],"wp:term":[{"taxonomy":"category","embeddable":true,"href":"https:\/\/dobrezrodla.com\/index.php?rest_route=%2Fwp%2Fv2%2Fcategories&post=3471"},{"taxonomy":"post_tag","embeddable":true,"href":"https:\/\/dobrezrodla.com\/index.php?rest_route=%2Fwp%2Fv2%2Ftags&post=3471"}],"curies":[{"name":"wp","href":"https:\/\/api.w.org\/{rel}","templated":true}]}}