{"id":3480,"date":"2025-08-29T18:49:52","date_gmt":"2025-08-29T18:49:52","guid":{"rendered":"https:\/\/dobrezrodla.com\/?p=3480"},"modified":"2025-08-29T18:49:52","modified_gmt":"2025-08-29T18:49:52","slug":"zegnaj-mistrzu-tragiczna-smierc-pilota-f-16-poruszyla-srodowisko-lotnicze","status":"publish","type":"post","link":"https:\/\/dobrezrodla.com\/?p=3480","title":{"rendered":"\u201e\u017begnaj, Mistrzu\u201d. Tragiczna \u015bmier\u0107 pilota F-16 poruszy\u0142a \u015brodowisko lotnicze"},"content":{"rendered":"\n<p>Major Maciej \u201eSlab\u201d Krakowian zgin\u0105\u0142 podczas pr\u00f3by do Mi\u0119dzynarodowych Pokaz\u00f3w Lotniczych Air Show w Radomiu. Jego \u015bmier\u0107 wstrz\u0105sn\u0119\u0142a spo\u0142eczno\u015bci\u0105 lotnicz\u0105 i fanami lotnictwa w ca\u0142ej Polsce. Aerokluby z r\u00f3\u017cnych stron kraju publikuj\u0105 poruszaj\u0105ce po\u017cegnania, wspomnienia i kondolencje, podkre\u015blaj\u0105c nie tylko jego ogromny talent, ale tak\u017ce charyzm\u0119 i pasj\u0119, z jak\u0105 reprezentowa\u0142 polskie lotnictwo.<\/p>\n\n\n\n<p>\u201eBy\u0142 asem przestworzy i cz\u0142owiekiem z sercem\u201d \u2013 czytamy w jednym z wpis\u00f3w. Aeroklub Ziemi Mazowieckiej przypomnia\u0142 jego dzieci\u0144stwo w P\u0142ocku i pocz\u0105tki kariery, a Aeroklub z Nowego Targu wspomnia\u0142 charakterystyczne has\u0142o, kt\u00f3re \u201eSlab\u201d wypowiedzia\u0142 w locie: \u201ehucy ale kochom\u201d.<\/p>\n\n\n\n<p>Po tragedii Air Show zosta\u0142o odwo\u0142ane, a miejsce katastrofy zabezpiecza \u017bandarmeria Wojskowa i prokuratorzy. Badaj\u0105 przyczyny dramatu, kt\u00f3ry odebra\u0142 \u017cycie jednemu z najlepszych pilot\u00f3w w kraju.<\/p>\n","protected":false},"excerpt":{"rendered":"<p>Major Maciej \u201eSlab\u201d Krakowian zgin\u0105\u0142 podczas pr\u00f3by do Mi\u0119dzynarodowych Pokaz\u00f3w Lotniczych Air Show w Radomiu. Jego \u015bmier\u0107 wstrz\u0105sn\u0119\u0142a spo\u0142eczno\u015bci\u0105 lotnicz\u0105 i fanami lotnictwa w ca\u0142ej Polsce. Aerokluby z r\u00f3\u017cnych stron kraju publikuj\u0105 poruszaj\u0105ce po\u017cegnania, wspomnienia i kondolencje, podkre\u015blaj\u0105c nie tylko jego ogromny talent, ale tak\u017ce charyzm\u0119 i pasj\u0119, z jak\u0105 reprezentowa\u0142 polskie lotnictwo. \u201eBy\u0142 asem &#8230; <a title=\"\u201e\u017begnaj, Mistrzu\u201d. Tragiczna \u015bmier\u0107 pilota F-16 poruszy\u0142a \u015brodowisko lotnicze\" class=\"read-more\" href=\"https:\/\/dobrezrodla.com\/?p=3480\" aria-label=\"Read more about \u201e\u017begnaj, Mistrzu\u201d. Tragiczna \u015bmier\u0107 pilota F-16 poruszy\u0142a \u015brodowisko lotnicze\">Read more<\/a><\/p>\n","protected":false},"author":1,"featured_media":3481,"comment_status":"open","ping_status":"open","sticky":false,"template":"","format":"standard","meta":{"footnotes":""},"categories":[1],"tags":[],"class_list":["post-3480","post","type-post","status-publish","format-standard","has-post-thumbnail","hentry","category-uncategorized"],"_links":{"self":[{"href":"https:\/\/dobrezrodla.com\/index.php?rest_route=\/wp\/v2\/posts\/3480","targetHints":{"allow":["GET"]}}],"collection":[{"href":"https:\/\/dobrezrodla.com\/index.php?rest_route=\/wp\/v2\/posts"}],"about":[{"href":"https:\/\/dobrezrodla.com\/index.php?rest_route=\/wp\/v2\/types\/post"}],"author":[{"embeddable":true,"href":"https:\/\/dobrezrodla.com\/index.php?rest_route=\/wp\/v2\/users\/1"}],"replies":[{"embeddable":true,"href":"https:\/\/dobrezrodla.com\/index.php?rest_route=%2Fwp%2Fv2%2Fcomments&post=3480"}],"version-history":[{"count":1,"href":"https:\/\/dobrezrodla.com\/index.php?rest_route=\/wp\/v2\/posts\/3480\/revisions"}],"predecessor-version":[{"id":3482,"href":"https:\/\/dobrezrodla.com\/index.php?rest_route=\/wp\/v2\/posts\/3480\/revisions\/3482"}],"wp:featuredmedia":[{"embeddable":true,"href":"https:\/\/dobrezrodla.com\/index.php?rest_route=\/wp\/v2\/media\/3481"}],"wp:attachment":[{"href":"https:\/\/dobrezrodla.com\/index.php?rest_route=%2Fwp%2Fv2%2Fmedia&parent=3480"}],"wp:term":[{"taxonomy":"category","embeddable":true,"href":"https:\/\/dobrezrodla.com\/index.php?rest_route=%2Fwp%2Fv2%2Fcategories&post=3480"},{"taxonomy":"post_tag","embeddable":true,"href":"https:\/\/dobrezrodla.com\/index.php?rest_route=%2Fwp%2Fv2%2Ftags&post=3480"}],"curies":[{"name":"wp","href":"https:\/\/api.w.org\/{rel}","templated":true}]}}