{"id":3483,"date":"2025-08-29T18:50:38","date_gmt":"2025-08-29T18:50:38","guid":{"rendered":"https:\/\/dobrezrodla.com\/?p=3483"},"modified":"2025-08-29T18:50:39","modified_gmt":"2025-08-29T18:50:39","slug":"trybunal-stanu-sparalizowany-manowska-nie-stanie-przed-sadem-przynajmniej-na-razie","status":"publish","type":"post","link":"https:\/\/dobrezrodla.com\/?p=3483","title":{"rendered":"Trybuna\u0142 Stanu sparali\u017cowany. Manowska nie stanie przed s\u0105dem \u2013 przynajmniej na razie"},"content":{"rendered":"\n<p>Rozprawa w sprawie uchylenia immunitetu I prezes S\u0105du Najwy\u017cszego Ma\u0142gorzaty Manowskiej nie dojdzie do skutku. Pow\u00f3d? Z 19 cz\u0142onk\u00f3w Trybuna\u0142u Stanu a\u017c 12 zosta\u0142o wy\u0142\u0105czonych ze sprawy \u2013 m.in. dlatego, \u017ce wcze\u015bniej zostali przes\u0142uchani przez prokuratur\u0119 jako \u015bwiadkowie. Do tego troje s\u0119dzi\u00f3w wy\u0142\u0105czy\u0142o si\u0119 samodzielnie. Efekt? Nie ma kworum, a to oznacza, \u017ce Trybuna\u0142 nie jest w stanie orzeka\u0107.<\/p>\n\n\n\n<p>Wniosek o wy\u0142\u0105czenie z\u0142o\u017cy\u0142 obro\u0144ca Manowskiej, mec. Bartosz Lewandowski. Trzyosobowy sk\u0142ad Trybuna\u0142u Stanu uzna\u0142 jego argumenty. W praktyce \u2013 formalno\u015bci zablokowa\u0142y proces, kt\u00f3ry mia\u0142 wyja\u015bni\u0107 zarzuty wobec jednej z najwa\u017cniejszych postaci polskiego wymiaru sprawiedliwo\u015bci.<\/p>\n\n\n\n<p>Prokuratura chcia\u0142a postawi\u0107 Manowskiej trzy zarzuty, m.in. przekroczenia uprawnie\u0144 i niewykonania postanowienia s\u0105du. Ale I prezes SN nie zamierza si\u0119 zrzec immunitetu \u2013 zapowiada, \u017ce stawi si\u0119 przed s\u0105dem, ale tylko zgodnie z procedur\u0105.<\/p>\n","protected":false},"excerpt":{"rendered":"<p>Rozprawa w sprawie uchylenia immunitetu I prezes S\u0105du Najwy\u017cszego Ma\u0142gorzaty Manowskiej nie dojdzie do skutku. Pow\u00f3d? Z 19 cz\u0142onk\u00f3w Trybuna\u0142u Stanu a\u017c 12 zosta\u0142o wy\u0142\u0105czonych ze sprawy \u2013 m.in. dlatego, \u017ce wcze\u015bniej zostali przes\u0142uchani przez prokuratur\u0119 jako \u015bwiadkowie. Do tego troje s\u0119dzi\u00f3w wy\u0142\u0105czy\u0142o si\u0119 samodzielnie. Efekt? Nie ma kworum, a to oznacza, \u017ce Trybuna\u0142 nie &#8230; <a title=\"Trybuna\u0142 Stanu sparali\u017cowany. Manowska nie stanie przed s\u0105dem \u2013 przynajmniej na razie\" class=\"read-more\" href=\"https:\/\/dobrezrodla.com\/?p=3483\" aria-label=\"Read more about Trybuna\u0142 Stanu sparali\u017cowany. Manowska nie stanie przed s\u0105dem \u2013 przynajmniej na razie\">Read more<\/a><\/p>\n","protected":false},"author":1,"featured_media":3484,"comment_status":"open","ping_status":"open","sticky":false,"template":"","format":"standard","meta":{"footnotes":""},"categories":[1],"tags":[],"class_list":["post-3483","post","type-post","status-publish","format-standard","has-post-thumbnail","hentry","category-uncategorized"],"_links":{"self":[{"href":"https:\/\/dobrezrodla.com\/index.php?rest_route=\/wp\/v2\/posts\/3483","targetHints":{"allow":["GET"]}}],"collection":[{"href":"https:\/\/dobrezrodla.com\/index.php?rest_route=\/wp\/v2\/posts"}],"about":[{"href":"https:\/\/dobrezrodla.com\/index.php?rest_route=\/wp\/v2\/types\/post"}],"author":[{"embeddable":true,"href":"https:\/\/dobrezrodla.com\/index.php?rest_route=\/wp\/v2\/users\/1"}],"replies":[{"embeddable":true,"href":"https:\/\/dobrezrodla.com\/index.php?rest_route=%2Fwp%2Fv2%2Fcomments&post=3483"}],"version-history":[{"count":1,"href":"https:\/\/dobrezrodla.com\/index.php?rest_route=\/wp\/v2\/posts\/3483\/revisions"}],"predecessor-version":[{"id":3485,"href":"https:\/\/dobrezrodla.com\/index.php?rest_route=\/wp\/v2\/posts\/3483\/revisions\/3485"}],"wp:featuredmedia":[{"embeddable":true,"href":"https:\/\/dobrezrodla.com\/index.php?rest_route=\/wp\/v2\/media\/3484"}],"wp:attachment":[{"href":"https:\/\/dobrezrodla.com\/index.php?rest_route=%2Fwp%2Fv2%2Fmedia&parent=3483"}],"wp:term":[{"taxonomy":"category","embeddable":true,"href":"https:\/\/dobrezrodla.com\/index.php?rest_route=%2Fwp%2Fv2%2Fcategories&post=3483"},{"taxonomy":"post_tag","embeddable":true,"href":"https:\/\/dobrezrodla.com\/index.php?rest_route=%2Fwp%2Fv2%2Ftags&post=3483"}],"curies":[{"name":"wp","href":"https:\/\/api.w.org\/{rel}","templated":true}]}}