{"id":3498,"date":"2025-08-29T18:55:20","date_gmt":"2025-08-29T18:55:20","guid":{"rendered":"https:\/\/dobrezrodla.com\/?p=3498"},"modified":"2025-08-29T18:55:20","modified_gmt":"2025-08-29T18:55:20","slug":"karol-nawrocki-z-rekordowa-seria-wet-prezydent-blokuje-kolejne-ustawy","status":"publish","type":"post","link":"https:\/\/dobrezrodla.com\/?p=3498","title":{"rendered":"Karol Nawrocki z rekordow\u0105 seri\u0105 wet \u2013 prezydent blokuje kolejne ustawy"},"content":{"rendered":"\n<p>Zaledwie kilka tygodni wystarczy\u0142o, by Karol Nawrocki zapisa\u0142 si\u0119 w historii jako jeden z najbardziej aktywnych prezydent\u00f3w w kwestii zawetowanych ustaw. Od obj\u0119cia urz\u0119du 6 sierpnia, g\u0142owa pa\u0144stwa ju\u017c siedem razy powiedzia\u0142a \u201enie\u201d projektom ustaw przyj\u0119tym przez parlament.<\/p>\n\n\n\n<p>Dla por\u00f3wnania \u2013 Andrzej Duda nie skorzysta\u0142 z weta ani razu w ci\u0105gu pierwszych trzech tygodni kadencji, a na pierwszy taki ruch zdecydowa\u0142 si\u0119 dopiero po niemal dw\u00f3ch miesi\u0105cach urz\u0119dowania.<\/p>\n\n\n\n<h3 class=\"wp-block-heading\">Lista prezydenckich wet Nawrockiego:<\/h3>\n\n\n\n<h4 class=\"wp-block-heading\">1. Wiatraki kontra energetyka \u2013 weto z 21 sierpnia<\/h4>\n\n\n\n<p>Ustawa \u0142\u0105cz\u0105ca rozw\u00f3j l\u0105dowej energetyki wiatrowej z mro\u017ceniem cen energii zosta\u0142a przez prezydenta uznana za form\u0119 politycznego szanta\u017cu. Nawrocki podpisa\u0142 w\u0142asn\u0105 ustaw\u0119 o zamro\u017ceniu cen, pomijaj\u0105c cz\u0119\u015b\u0107 dotycz\u0105c\u0105 wiatrak\u00f3w.<\/p>\n\n\n\n<h4 class=\"wp-block-heading\">2. Zbyt \u0142agodne kary skarbowe? \u2013 weto z 25 sierpnia<\/h4>\n\n\n\n<p>Nowelizacja mia\u0142a zliberalizowa\u0107 przepisy karne wobec drobnych b\u0142\u0119d\u00f3w podatkowych. Prezydent odm\u00f3wi\u0142 podpisu, argumentuj\u0105c, \u017ce nie ma miejsca na pob\u0142a\u017cliwo\u015b\u0107 wobec przest\u0119pstw finansowych przy obecnym stanie finans\u00f3w publicznych.<\/p>\n\n\n\n<h4 class=\"wp-block-heading\">3. Deregulacja OZE w ogniu krytyki \u2013 weto z 25 sierpnia<\/h4>\n\n\n\n<p>Prezydent zablokowa\u0142 przepisy u\u0142atwiaj\u0105ce instalowanie odnawialnych \u017ar\u00f3de\u0142 energii, podnosz\u0105c pr\u00f3g mocy wymagaj\u0105cy koncesji i pozwolenia. W ocenie Pa\u0142acu Prezydenckiego, zmiany mog\u0142y doprowadzi\u0107 do \u201eenergetycznej samowolki\u201d.<\/p>\n\n\n\n<h4 class=\"wp-block-heading\">4. Ukrai\u0144cy pod lup\u0105 \u2013 weto z 25 sierpnia<\/h4>\n\n\n\n<p>Karol Nawrocki nie zgodzi\u0142 si\u0119 na przed\u0142u\u017cenie ochrony tymczasowej dla Ukrai\u0144c\u00f3w uciekaj\u0105cych przed wojn\u0105 bez wprowadzenia korekt \u2013 wed\u0142ug niego \u015bwiadczenie 800+ powinno przys\u0142ugiwa\u0107 jedynie tym, kt\u00f3rzy pracuj\u0105 w Polsce.<\/p>\n\n\n\n<h4 class=\"wp-block-heading\">5. Gazowe bezpiecze\u0144stwo pod znakiem zapytania \u2013 weto z 27 sierpnia<\/h4>\n\n\n\n<p>Prezydent nie podpisa\u0142 nowelizacji pozwalaj\u0105cej na przechowywanie zapas\u00f3w gazu poza Polsk\u0105. W ocenie jego kancelarii, zmiany mog\u0142yby podwa\u017cy\u0107 bezpiecze\u0144stwo energetyczne kraju.<\/p>\n\n\n\n<h4 class=\"wp-block-heading\">6. Elektroniczna dokumentacja nie dla ka\u017cdego \u2013 weto z 27 sierpnia<\/h4>\n\n\n\n<p>Nowe obowi\u0105zki elektronicznego raportowania \u015brodk\u00f3w ochrony ro\u015blin spotka\u0142y si\u0119 z prezydenckim sprzeciwem. Argument? Mo\u017cliwe wykluczenie cyfrowe starszych i mniej zaawansowanych technologicznie rolnik\u00f3w.<\/p>\n\n\n\n<h4 class=\"wp-block-heading\">7. Lex Kamilek \u2013 mniej biurokracji, ale kosztem bezpiecze\u0144stwa? \u2013 weto z 29 sierpnia<\/h4>\n\n\n\n<p>Ostatnie weto dotyczy\u0142o ustawy upraszczaj\u0105cej obowi\u0105zki zwi\u0105zane z weryfikacj\u0105 os\u00f3b pracuj\u0105cych z dzie\u0107mi. Nawrocki uzna\u0142, \u017ce zmiany mog\u0142yby os\u0142abi\u0107 system ochrony najm\u0142odszych.<\/p>\n","protected":false},"excerpt":{"rendered":"<p>Zaledwie kilka tygodni wystarczy\u0142o, by Karol Nawrocki zapisa\u0142 si\u0119 w historii jako jeden z najbardziej aktywnych prezydent\u00f3w w kwestii zawetowanych ustaw. Od obj\u0119cia urz\u0119du 6 sierpnia, g\u0142owa pa\u0144stwa ju\u017c siedem razy powiedzia\u0142a \u201enie\u201d projektom ustaw przyj\u0119tym przez parlament. Dla por\u00f3wnania \u2013 Andrzej Duda nie skorzysta\u0142 z weta ani razu w ci\u0105gu pierwszych trzech tygodni kadencji, &#8230; <a title=\"Karol Nawrocki z rekordow\u0105 seri\u0105 wet \u2013 prezydent blokuje kolejne ustawy\" class=\"read-more\" href=\"https:\/\/dobrezrodla.com\/?p=3498\" aria-label=\"Read more about Karol Nawrocki z rekordow\u0105 seri\u0105 wet \u2013 prezydent blokuje kolejne ustawy\">Read more<\/a><\/p>\n","protected":false},"author":1,"featured_media":3499,"comment_status":"open","ping_status":"open","sticky":false,"template":"","format":"standard","meta":{"footnotes":""},"categories":[1],"tags":[],"class_list":["post-3498","post","type-post","status-publish","format-standard","has-post-thumbnail","hentry","category-uncategorized"],"_links":{"self":[{"href":"https:\/\/dobrezrodla.com\/index.php?rest_route=\/wp\/v2\/posts\/3498","targetHints":{"allow":["GET"]}}],"collection":[{"href":"https:\/\/dobrezrodla.com\/index.php?rest_route=\/wp\/v2\/posts"}],"about":[{"href":"https:\/\/dobrezrodla.com\/index.php?rest_route=\/wp\/v2\/types\/post"}],"author":[{"embeddable":true,"href":"https:\/\/dobrezrodla.com\/index.php?rest_route=\/wp\/v2\/users\/1"}],"replies":[{"embeddable":true,"href":"https:\/\/dobrezrodla.com\/index.php?rest_route=%2Fwp%2Fv2%2Fcomments&post=3498"}],"version-history":[{"count":1,"href":"https:\/\/dobrezrodla.com\/index.php?rest_route=\/wp\/v2\/posts\/3498\/revisions"}],"predecessor-version":[{"id":3500,"href":"https:\/\/dobrezrodla.com\/index.php?rest_route=\/wp\/v2\/posts\/3498\/revisions\/3500"}],"wp:featuredmedia":[{"embeddable":true,"href":"https:\/\/dobrezrodla.com\/index.php?rest_route=\/wp\/v2\/media\/3499"}],"wp:attachment":[{"href":"https:\/\/dobrezrodla.com\/index.php?rest_route=%2Fwp%2Fv2%2Fmedia&parent=3498"}],"wp:term":[{"taxonomy":"category","embeddable":true,"href":"https:\/\/dobrezrodla.com\/index.php?rest_route=%2Fwp%2Fv2%2Fcategories&post=3498"},{"taxonomy":"post_tag","embeddable":true,"href":"https:\/\/dobrezrodla.com\/index.php?rest_route=%2Fwp%2Fv2%2Ftags&post=3498"}],"curies":[{"name":"wp","href":"https:\/\/api.w.org\/{rel}","templated":true}]}}