{"id":3501,"date":"2025-08-29T18:56:08","date_gmt":"2025-08-29T18:56:08","guid":{"rendered":"https:\/\/dobrezrodla.com\/?p=3501"},"modified":"2025-08-29T18:56:08","modified_gmt":"2025-08-29T18:56:08","slug":"f-16-rozbil-sie-podczas-prob-w-radomiu-tragiczny-final-przygotowan-do-air-show","status":"publish","type":"post","link":"https:\/\/dobrezrodla.com\/?p=3501","title":{"rendered":"F-16 rozbi\u0142 si\u0119 podczas pr\u00f3b w Radomiu. Tragiczny fina\u0142 przygotowa\u0144 do Air Show"},"content":{"rendered":"\n<p>Podczas przygotowa\u0144 do wielkiego pokazu lotniczego w Radomiu dosz\u0142o do dramatycznego wypadku \u2013 my\u015bliwiec F-16 uleg\u0142 katastrofie. To pierwszy taki incydent z udzia\u0142em tej maszyny w historii polskich si\u0142 powietrznych. Pilot nie prze\u017cy\u0142.<\/p>\n\n\n\n<p>Do wypadku dosz\u0142o w czwartek wieczorem, zaledwie dzie\u0144 przed rozpocz\u0119ciem Air Show. Na miejsce natychmiast uda\u0142 si\u0119 wicepremier W\u0142adys\u0142aw Kosiniak-Kamysz. Informacj\u0119 o \u015bmierci pilota potwierdzi\u0142 minister Tomasz Siemoniak.<\/p>\n\n\n\n<p>Eksperci s\u0105 zgodni: to prze\u0142omowy moment w historii polskiego lotnictwa. F-16, nazywany \u201elataj\u0105c\u0105 besti\u0105\u201d, s\u0142u\u017cy Polsce od niemal dw\u00f3ch dekad i do tej pory nie odnotowano \u017cadnej katastrofy z jego udzia\u0142em.<\/p>\n\n\n\n<p>Major Micha\u0142 Fiszer, by\u0142y pilot i ekspert lotniczy, przypomnia\u0142, \u017ce maszyny te s\u0142yn\u0105 z niezawodno\u015bci, ale jednocze\u015bnie zaznaczy\u0142, \u017ce ka\u017cdy samolot bojowy niesie ryzyko. \u2013 To cud, \u017ce tak d\u0142ugo lata\u0142y bez \u017cadnych wypadk\u00f3w \u2013 m\u00f3wi\u0142.<\/p>\n\n\n\n<p>F-16 to jeden z najbardziej zaawansowanych my\u015bliwc\u00f3w \u015bwiata. Mo\u017ce jednocze\u015bnie prowadzi\u0107 dzia\u0142ania bojowe w powietrzu i na ziemi, przenosi\u0107 szeroki arsena\u0142 uzbrojenia i osi\u0105ga\u0107 pr\u0119dko\u015bci powy\u017cej 2000 km\/h. W Polsce u\u017cytkowanych jest 48 takich maszyn, a ich piloci nale\u017c\u0105 do najlepiej wyszkolonych \u2013 szkolenie trwa a\u017c 10 lat.<\/p>\n\n\n\n<p>Decyzja o zakupie F-16 zapad\u0142a w 2003 roku. Od tego czasu samoloty te pe\u0142ni\u0105 kluczow\u0105 rol\u0119 w obronie przestrzeni powietrznej, tak\u017ce w ramach misji NATO nad krajami ba\u0142tyckimi.<\/p>\n\n\n\n<p>Katastrofa ta rzuca cie\u0144 na przygotowania do jednego z najwi\u0119kszych wydarze\u0144 lotniczych w Polsce i pozostawia trudne pytania o bezpiecze\u0144stwo i przysz\u0142o\u015b\u0107 najnowocze\u015bniejszych maszyn w naszej armii.<\/p>\n","protected":false},"excerpt":{"rendered":"<p>Podczas przygotowa\u0144 do wielkiego pokazu lotniczego w Radomiu dosz\u0142o do dramatycznego wypadku \u2013 my\u015bliwiec F-16 uleg\u0142 katastrofie. To pierwszy taki incydent z udzia\u0142em tej maszyny w historii polskich si\u0142 powietrznych. Pilot nie prze\u017cy\u0142. Do wypadku dosz\u0142o w czwartek wieczorem, zaledwie dzie\u0144 przed rozpocz\u0119ciem Air Show. Na miejsce natychmiast uda\u0142 si\u0119 wicepremier W\u0142adys\u0142aw Kosiniak-Kamysz. Informacj\u0119 o &#8230; <a title=\"F-16 rozbi\u0142 si\u0119 podczas pr\u00f3b w Radomiu. Tragiczny fina\u0142 przygotowa\u0144 do Air Show\" class=\"read-more\" href=\"https:\/\/dobrezrodla.com\/?p=3501\" aria-label=\"Read more about F-16 rozbi\u0142 si\u0119 podczas pr\u00f3b w Radomiu. Tragiczny fina\u0142 przygotowa\u0144 do Air Show\">Read more<\/a><\/p>\n","protected":false},"author":1,"featured_media":3502,"comment_status":"open","ping_status":"open","sticky":false,"template":"","format":"standard","meta":{"footnotes":""},"categories":[1],"tags":[],"class_list":["post-3501","post","type-post","status-publish","format-standard","has-post-thumbnail","hentry","category-uncategorized"],"_links":{"self":[{"href":"https:\/\/dobrezrodla.com\/index.php?rest_route=\/wp\/v2\/posts\/3501","targetHints":{"allow":["GET"]}}],"collection":[{"href":"https:\/\/dobrezrodla.com\/index.php?rest_route=\/wp\/v2\/posts"}],"about":[{"href":"https:\/\/dobrezrodla.com\/index.php?rest_route=\/wp\/v2\/types\/post"}],"author":[{"embeddable":true,"href":"https:\/\/dobrezrodla.com\/index.php?rest_route=\/wp\/v2\/users\/1"}],"replies":[{"embeddable":true,"href":"https:\/\/dobrezrodla.com\/index.php?rest_route=%2Fwp%2Fv2%2Fcomments&post=3501"}],"version-history":[{"count":1,"href":"https:\/\/dobrezrodla.com\/index.php?rest_route=\/wp\/v2\/posts\/3501\/revisions"}],"predecessor-version":[{"id":3503,"href":"https:\/\/dobrezrodla.com\/index.php?rest_route=\/wp\/v2\/posts\/3501\/revisions\/3503"}],"wp:featuredmedia":[{"embeddable":true,"href":"https:\/\/dobrezrodla.com\/index.php?rest_route=\/wp\/v2\/media\/3502"}],"wp:attachment":[{"href":"https:\/\/dobrezrodla.com\/index.php?rest_route=%2Fwp%2Fv2%2Fmedia&parent=3501"}],"wp:term":[{"taxonomy":"category","embeddable":true,"href":"https:\/\/dobrezrodla.com\/index.php?rest_route=%2Fwp%2Fv2%2Fcategories&post=3501"},{"taxonomy":"post_tag","embeddable":true,"href":"https:\/\/dobrezrodla.com\/index.php?rest_route=%2Fwp%2Fv2%2Ftags&post=3501"}],"curies":[{"name":"wp","href":"https:\/\/api.w.org\/{rel}","templated":true}]}}